
{"id":22918,"date":"2019-07-24T18:30:37","date_gmt":"2019-07-24T18:30:37","guid":{"rendered":"https:\/\/www.lejournalduforkane.com\/?p=22918"},"modified":"2019-07-24T18:30:37","modified_gmt":"2019-07-24T18:30:37","slug":"quand-trump-respecte-la-coree-du-nord","status":"publish","type":"post","link":"https:\/\/www.lejournalduforkane.com\/index.php\/quand-trump-respecte-la-coree-du-nord\/","title":{"rendered":"Quand Trump respecte la Cor\u00e9e du Nord\u2026"},"content":{"rendered":"<p style=\"text-align: justify;\"><!--more-->Les USA menacent militairement de bombarder la Cor\u00e9e du Nord en utilisant le nucl\u00e9aire. La Chine, la Russie et la Cor\u00e9e du Sud penchent pour l\u2019apaisement. Les Am\u00e9ricains veulent cr\u00e9er un pr\u00e9c\u00e9dent pour menacer la Syrie de bombardement conventionnel et l\u2019Iran par l\u2019arme nucl\u00e9aire. Trump semble devenir de plus en plus conciliant avec la Cor\u00e9e du Nord. Il ne respecte que la force.<\/p>\n<p style=\"text-align: justify;\">\n<p style=\"text-align: center;\"><strong>Si les peuples \u00e9taient plus unis, Al-Mahdi d\u00e9barrasserait le monde des Etats-Unis.<\/strong><\/p>\n<p style=\"text-align: center;\">\n<p style=\"text-align: center;\"><img loading=\"lazy\" class=\"alignnone size-full wp-image-22921\" src=\"https:\/\/www.lejournalduforkane.com\/wp-content\/uploads\/2019\/07\/trump-et-cor\u00e9e.jpg\" alt=\"trump et cor\u00e9e\" width=\"1024\" height=\"576\" srcset=\"https:\/\/www.lejournalduforkane.com\/wp-content\/uploads\/2019\/07\/trump-et-cor\u00e9e.jpg 1024w, https:\/\/www.lejournalduforkane.com\/wp-content\/uploads\/2019\/07\/trump-et-cor\u00e9e-300x169.jpg 300w, https:\/\/www.lejournalduforkane.com\/wp-content\/uploads\/2019\/07\/trump-et-cor\u00e9e-768x432.jpg 768w\" sizes=\"(max-width: 1024px) 100vw, 1024px\" \/><\/p>\n","protected":false},"excerpt":{"rendered":"Les USA menacent militairement de bombarder la Cor\u00e9e du Nord en utilisant le nucl\u00e9aire. La Chine, la Russie et la Cor\u00e9e du Sud penchent pour l\u2019apaisement. Les Am\u00e9ricains veulent cr\u00e9er","protected":false},"author":2,"featured_media":0,"comment_status":"closed","ping_status":"open","sticky":false,"template":"","format":"standard","meta":[],"categories":[],"tags":[],"_links":{"self":[{"href":"https:\/\/www.lejournalduforkane.com\/index.php\/wp-json\/wp\/v2\/posts\/22918"}],"collection":[{"href":"https:\/\/www.lejournalduforkane.com\/index.php\/wp-json\/wp\/v2\/posts"}],"about":[{"href":"https:\/\/www.lejournalduforkane.com\/index.php\/wp-json\/wp\/v2\/types\/post"}],"author":[{"embeddable":true,"href":"https:\/\/www.lejournalduforkane.com\/index.php\/wp-json\/wp\/v2\/users\/2"}],"replies":[{"embeddable":true,"href":"https:\/\/www.lejournalduforkane.com\/index.php\/wp-json\/wp\/v2\/comments?post=22918"}],"version-history":[{"count":1,"href":"https:\/\/www.lejournalduforkane.com\/index.php\/wp-json\/wp\/v2\/posts\/22918\/revisions"}],"predecessor-version":[{"id":22922,"href":"https:\/\/www.lejournalduforkane.com\/index.php\/wp-json\/wp\/v2\/posts\/22918\/revisions\/22922"}],"wp:attachment":[{"href":"https:\/\/www.lejournalduforkane.com\/index.php\/wp-json\/wp\/v2\/media?parent=22918"}],"wp:term":[{"taxonomy":"category","embeddable":true,"href":"https:\/\/www.lejournalduforkane.com\/index.php\/wp-json\/wp\/v2\/categories?post=22918"},{"taxonomy":"post_tag","embeddable":true,"href":"https:\/\/www.lejournalduforkane.com\/index.php\/wp-json\/wp\/v2\/tags?post=22918"}],"curies":[{"name":"wp","href":"https:\/\/api.w.org\/{rel}","templated":true}]}}