
{"id":22925,"date":"2019-07-24T18:36:46","date_gmt":"2019-07-24T18:36:46","guid":{"rendered":"https:\/\/www.lejournalduforkane.com\/?p=22925"},"modified":"2019-07-24T18:36:46","modified_gmt":"2019-07-24T18:36:46","slug":"le-faux-probleme-du-nucleaire-iranien","status":"publish","type":"post","link":"https:\/\/www.lejournalduforkane.com\/index.php\/le-faux-probleme-du-nucleaire-iranien\/","title":{"rendered":"Le faux probl\u00e8me du nucl\u00e9aire iranien"},"content":{"rendered":"<p style=\"text-align: justify;\"><!--more--><\/p>\n<p style=\"text-align: justify;\">Trump ne cesse de se prononcer contre l\u2019\u00a0\u00bbaccrord sur le nucl\u00e9aire iranien\u00a0\u00bb. <img loading=\"lazy\" class=\"wp-image-22865 alignright\" src=\"https:\/\/www.lejournalduforkane.com\/wp-content\/uploads\/2019\/07\/iran-rouhani-nuclear-1706.jpg\" alt=\"iran-rouhani-nuclear-1706\" width=\"216\" height=\"122\" srcset=\"https:\/\/www.lejournalduforkane.com\/wp-content\/uploads\/2019\/07\/iran-rouhani-nuclear-1706.jpg 1024w, https:\/\/www.lejournalduforkane.com\/wp-content\/uploads\/2019\/07\/iran-rouhani-nuclear-1706-300x169.jpg 300w, https:\/\/www.lejournalduforkane.com\/wp-content\/uploads\/2019\/07\/iran-rouhani-nuclear-1706-768x434.jpg 768w\" sizes=\"(max-width: 216px) 100vw, 216px\" \/>Pour les iraniens, derri\u00e8re la remise en cause de cet accord, sont vis\u00e9s les missiles balistiques et les camps militaires. Pour Rohani, \u00ab\u00a0nous ne seront pas les premiers \u00e0 ne pas respecter cet accord\u00a0\u00bb. Macron est invit\u00e9 par Rohani en Iran (il \u00ab\u00a0ira\u00a0\u00bb le temps \u00ab\u00a0voulu\u00a0\u00bb).<\/p>\n<p style=\"text-align: justify;\">Il s\u2019agit de faire basculer la mod\u00e9ration fran\u00e7aise du bon c\u00f4t\u00e9. L\u2019accord est valable jusqu\u2019en 2025, soit 10 ans. Les USA appellent l\u2019Iran \u00e0 quitter l\u2019Irak et la Syrie puisque Daesh n\u2019est plus et imposent <img loading=\"lazy\" class=\"wp-image-22926 alignleft\" src=\"https:\/\/www.lejournalduforkane.com\/wp-content\/uploads\/2019\/07\/nucl\u00e9aire-iranien2.jpg\" alt=\"nucl\u00e9aire iranien2\" width=\"197\" height=\"110\" srcset=\"https:\/\/www.lejournalduforkane.com\/wp-content\/uploads\/2019\/07\/nucl\u00e9aire-iranien2.jpg 583w, https:\/\/www.lejournalduforkane.com\/wp-content\/uploads\/2019\/07\/nucl\u00e9aire-iranien2-300x167.jpg 300w\" sizes=\"(max-width: 197px) 100vw, 197px\" \/>de nouvelles sanctions contre le Hezbollah. Si Daesh n\u2019est plus, alors pourquoi les Am\u00e9ricains ne quittent pas une r\u00e9gion situ\u00e9e \u00e0 plus de 16\u00a0000 km\u00a0 de leur pays, les Etats-Unis. L\u2019Iran et concern\u00e9 par la r\u00e9gion car le pays en fait partie.<\/p>\n<p style=\"text-align: justify;\">C\u2019est pourquoi il bombarde la fronti\u00e8re syro-libanaise o\u00f9 sont les installations de Daesh. Il fait partie de la solution du probl\u00e8me\u00a0; les USA, eux, sont le probl\u00e8me.<\/p>\n<p style=\"text-align: center;\"><strong>Al-Mahdi appr\u00e9cie ceux qui se d\u00e9fendent bien apr\u00e8s une injustice subie.<\/strong><\/p>\n<p style=\"text-align: justify;\"><strong><br \/>\n<\/strong><\/p>\n","protected":false},"excerpt":{"rendered":"Trump ne cesse de se prononcer contre l\u2019\"accrord sur le nucl\u00e9aire iranien\". Pour les iraniens, derri\u00e8re la remise en cause de cet accord, sont vis\u00e9s les missiles balistiques et les","protected":false},"author":2,"featured_media":22926,"comment_status":"closed","ping_status":"open","sticky":false,"template":"","format":"standard","meta":[],"categories":[],"tags":[],"_links":{"self":[{"href":"https:\/\/www.lejournalduforkane.com\/index.php\/wp-json\/wp\/v2\/posts\/22925"}],"collection":[{"href":"https:\/\/www.lejournalduforkane.com\/index.php\/wp-json\/wp\/v2\/posts"}],"about":[{"href":"https:\/\/www.lejournalduforkane.com\/index.php\/wp-json\/wp\/v2\/types\/post"}],"author":[{"embeddable":true,"href":"https:\/\/www.lejournalduforkane.com\/index.php\/wp-json\/wp\/v2\/users\/2"}],"replies":[{"embeddable":true,"href":"https:\/\/www.lejournalduforkane.com\/index.php\/wp-json\/wp\/v2\/comments?post=22925"}],"version-history":[{"count":1,"href":"https:\/\/www.lejournalduforkane.com\/index.php\/wp-json\/wp\/v2\/posts\/22925\/revisions"}],"predecessor-version":[{"id":22927,"href":"https:\/\/www.lejournalduforkane.com\/index.php\/wp-json\/wp\/v2\/posts\/22925\/revisions\/22927"}],"wp:featuredmedia":[{"embeddable":true,"href":"https:\/\/www.lejournalduforkane.com\/index.php\/wp-json\/wp\/v2\/media\/22926"}],"wp:attachment":[{"href":"https:\/\/www.lejournalduforkane.com\/index.php\/wp-json\/wp\/v2\/media?parent=22925"}],"wp:term":[{"taxonomy":"category","embeddable":true,"href":"https:\/\/www.lejournalduforkane.com\/index.php\/wp-json\/wp\/v2\/categories?post=22925"},{"taxonomy":"post_tag","embeddable":true,"href":"https:\/\/www.lejournalduforkane.com\/index.php\/wp-json\/wp\/v2\/tags?post=22925"}],"curies":[{"name":"wp","href":"https:\/\/api.w.org\/{rel}","templated":true}]}}