
{"id":22943,"date":"2019-07-28T18:43:58","date_gmt":"2019-07-28T18:43:58","guid":{"rendered":"https:\/\/www.lejournalduforkane.com\/?p=22943"},"modified":"2019-07-29T18:28:55","modified_gmt":"2019-07-29T18:28:55","slug":"bahrein-entre-tyrannie-et-trahison","status":"publish","type":"post","link":"https:\/\/www.lejournalduforkane.com\/index.php\/bahrein-entre-tyrannie-et-trahison\/","title":{"rendered":"Bahre\u00efn entre tyrannie et trahison"},"content":{"rendered":"<p><!--more--><\/p>\n<p>Le roi du Bahre\u00efn massacre et tyrannise son peuple et en m\u00eame temps cherche \u00e0 accueillir les n\u00e9gociations pour le \u00ab deal du si\u00e8cle \u00bb dans la capitale Manama. Cet accord propos\u00e9 par l\u2019Am\u00e9rique et Isra\u00ebl oblige les Arabes et les Musulmans \u00e0 reconna\u00eetre la souverainet\u00e9 sionistes sur l\u2019ensemble de la Palestine historique. De plus, les r\u00e9fugi\u00e9s palestiniens devront renoncer au droit au retour et il faudra n\u00e9cessairement reconna\u00eetre J\u00e9rusalem comme capitale du peuple juif.<\/p>\n<p>C\u2019est une capitulation et une trahison ! Al-Mahdi ch\u00e2tiera les tra\u00eetres qui ont vendu la Palestine et frappera d\u2019ignominies les l\u00e2ches qui ont laiss\u00e9 faire.<\/p>\n<p><img loading=\"lazy\" class=\"alignnone size-full wp-image-22944\" src=\"https:\/\/www.lejournalduforkane.com\/wp-content\/uploads\/2019\/07\/aaaaaaaaaaaaaaaaaaaaaaaaaaaaaa.jpg\" alt=\"Bahre\u00efn entre tyrannie et trahison\" width=\"960\" height=\"678\" srcset=\"https:\/\/www.lejournalduforkane.com\/wp-content\/uploads\/2019\/07\/aaaaaaaaaaaaaaaaaaaaaaaaaaaaaa.jpg 960w, https:\/\/www.lejournalduforkane.com\/wp-content\/uploads\/2019\/07\/aaaaaaaaaaaaaaaaaaaaaaaaaaaaaa-300x212.jpg 300w, https:\/\/www.lejournalduforkane.com\/wp-content\/uploads\/2019\/07\/aaaaaaaaaaaaaaaaaaaaaaaaaaaaaa-768x542.jpg 768w\" sizes=\"(max-width: 960px) 100vw, 960px\" \/><\/p>\n","protected":false},"excerpt":{"rendered":"Le roi du Bahre\u00efn massacre et tyrannise son peuple et en m\u00eame temps cherche \u00e0 accueillir les n\u00e9gociations pour le \u00ab deal du si\u00e8cle \u00bb dans la capitale Manama. Cet","protected":false},"author":2,"featured_media":0,"comment_status":"closed","ping_status":"open","sticky":false,"template":"","format":"standard","meta":[],"categories":[],"tags":[],"_links":{"self":[{"href":"https:\/\/www.lejournalduforkane.com\/index.php\/wp-json\/wp\/v2\/posts\/22943"}],"collection":[{"href":"https:\/\/www.lejournalduforkane.com\/index.php\/wp-json\/wp\/v2\/posts"}],"about":[{"href":"https:\/\/www.lejournalduforkane.com\/index.php\/wp-json\/wp\/v2\/types\/post"}],"author":[{"embeddable":true,"href":"https:\/\/www.lejournalduforkane.com\/index.php\/wp-json\/wp\/v2\/users\/2"}],"replies":[{"embeddable":true,"href":"https:\/\/www.lejournalduforkane.com\/index.php\/wp-json\/wp\/v2\/comments?post=22943"}],"version-history":[{"count":3,"href":"https:\/\/www.lejournalduforkane.com\/index.php\/wp-json\/wp\/v2\/posts\/22943\/revisions"}],"predecessor-version":[{"id":22949,"href":"https:\/\/www.lejournalduforkane.com\/index.php\/wp-json\/wp\/v2\/posts\/22943\/revisions\/22949"}],"wp:attachment":[{"href":"https:\/\/www.lejournalduforkane.com\/index.php\/wp-json\/wp\/v2\/media?parent=22943"}],"wp:term":[{"taxonomy":"category","embeddable":true,"href":"https:\/\/www.lejournalduforkane.com\/index.php\/wp-json\/wp\/v2\/categories?post=22943"},{"taxonomy":"post_tag","embeddable":true,"href":"https:\/\/www.lejournalduforkane.com\/index.php\/wp-json\/wp\/v2\/tags?post=22943"}],"curies":[{"name":"wp","href":"https:\/\/api.w.org\/{rel}","templated":true}]}}