
{"id":22957,"date":"2019-07-29T18:40:43","date_gmt":"2019-07-29T18:40:43","guid":{"rendered":"https:\/\/www.lejournalduforkane.com\/?p=22957"},"modified":"2019-07-29T18:45:49","modified_gmt":"2019-07-29T18:45:49","slug":"quand-des-forces-de-lordre","status":"publish","type":"post","link":"https:\/\/www.lejournalduforkane.com\/index.php\/quand-des-forces-de-lordre\/","title":{"rendered":"Vid\u00e9o |Quand des forces de l\u2019ordre sioniste se f\u00e9licitent d\u2019avoir d\u00e9truit des habitations de Palestinien\u00b7ne\u00b7s \u00e0 J\u00e9rusalem-Est occup\u00e9e&#8230;"},"content":{"rendered":"<p><!--more--><br \/>\n<iframe loading=\"lazy\" width=\"620\" height=\"405\" src=\"\/\/rutube.ru\/play\/embed\/12764458\" frameborder=\"0\" webkitAllowFullScreen mozallowfullscreen allowfullscreen><\/iframe><\/p>\n<p><img loading=\"lazy\" src=\"https:\/\/www.lejournalduforkane.com\/wp-content\/uploads\/2019\/07\/Quand-des-forces-de-l\u2019ordre-isra\u00e9liennes-se-f\u00e9licitent-d\u2019avoir-d\u00e9truit-des-habitations-de-Palestinien\u00b7ne\u00b7s-\u00e0-J\u00e9rusalem-Est-occup\u00e9e....jpg\" alt=\"Quand des forces de l\u2019ordre isra\u00e9liennes se f\u00e9licitent d\u2019avoir d\u00e9truit des habitations de Palestinien\u00b7ne\u00b7s \u00e0 J\u00e9rusalem-Est occup\u00e9e...\" width=\"408\" height=\"406\" class=\"alignnone size-full wp-image-22958\" srcset=\"https:\/\/www.lejournalduforkane.com\/wp-content\/uploads\/2019\/07\/Quand-des-forces-de-l\u2019ordre-isra\u00e9liennes-se-f\u00e9licitent-d\u2019avoir-d\u00e9truit-des-habitations-de-Palestinien\u00b7ne\u00b7s-\u00e0-J\u00e9rusalem-Est-occup\u00e9e....jpg 408w, https:\/\/www.lejournalduforkane.com\/wp-content\/uploads\/2019\/07\/Quand-des-forces-de-l\u2019ordre-isra\u00e9liennes-se-f\u00e9licitent-d\u2019avoir-d\u00e9truit-des-habitations-de-Palestinien\u00b7ne\u00b7s-\u00e0-J\u00e9rusalem-Est-occup\u00e9e...-150x150.jpg 150w, https:\/\/www.lejournalduforkane.com\/wp-content\/uploads\/2019\/07\/Quand-des-forces-de-l\u2019ordre-isra\u00e9liennes-se-f\u00e9licitent-d\u2019avoir-d\u00e9truit-des-habitations-de-Palestinien\u00b7ne\u00b7s-\u00e0-J\u00e9rusalem-Est-occup\u00e9e...-300x300.jpg 300w\" sizes=\"(max-width: 408px) 100vw, 408px\" \/><\/p>\n","protected":false},"excerpt":{"rendered":"","protected":false},"author":2,"featured_media":0,"comment_status":"closed","ping_status":"open","sticky":false,"template":"","format":"standard","meta":[],"categories":[49],"tags":[],"_links":{"self":[{"href":"https:\/\/www.lejournalduforkane.com\/index.php\/wp-json\/wp\/v2\/posts\/22957"}],"collection":[{"href":"https:\/\/www.lejournalduforkane.com\/index.php\/wp-json\/wp\/v2\/posts"}],"about":[{"href":"https:\/\/www.lejournalduforkane.com\/index.php\/wp-json\/wp\/v2\/types\/post"}],"author":[{"embeddable":true,"href":"https:\/\/www.lejournalduforkane.com\/index.php\/wp-json\/wp\/v2\/users\/2"}],"replies":[{"embeddable":true,"href":"https:\/\/www.lejournalduforkane.com\/index.php\/wp-json\/wp\/v2\/comments?post=22957"}],"version-history":[{"count":4,"href":"https:\/\/www.lejournalduforkane.com\/index.php\/wp-json\/wp\/v2\/posts\/22957\/revisions"}],"predecessor-version":[{"id":22962,"href":"https:\/\/www.lejournalduforkane.com\/index.php\/wp-json\/wp\/v2\/posts\/22957\/revisions\/22962"}],"wp:attachment":[{"href":"https:\/\/www.lejournalduforkane.com\/index.php\/wp-json\/wp\/v2\/media?parent=22957"}],"wp:term":[{"taxonomy":"category","embeddable":true,"href":"https:\/\/www.lejournalduforkane.com\/index.php\/wp-json\/wp\/v2\/categories?post=22957"},{"taxonomy":"post_tag","embeddable":true,"href":"https:\/\/www.lejournalduforkane.com\/index.php\/wp-json\/wp\/v2\/tags?post=22957"}],"curies":[{"name":"wp","href":"https:\/\/api.w.org\/{rel}","templated":true}]}}