
{"id":23019,"date":"2019-08-08T18:33:12","date_gmt":"2019-08-08T18:33:12","guid":{"rendered":"https:\/\/www.lejournalduforkane.com\/?p=23019"},"modified":"2019-08-08T18:33:12","modified_gmt":"2019-08-08T18:33:12","slug":"video-la-resistance-yemenite-menace-larabie-saoudite-et-les-emirats-de-nouvelles-frappes","status":"publish","type":"post","link":"https:\/\/www.lejournalduforkane.com\/index.php\/video-la-resistance-yemenite-menace-larabie-saoudite-et-les-emirats-de-nouvelles-frappes\/","title":{"rendered":"Vid\u00e9o | La r\u00e9sistance y\u00e9m\u00e9nite menace l\u2019Arabie Saoudite et les Emirats de nouvelles frappes"},"content":{"rendered":"<p><!--more--><\/p>\n<p>Discours de Sayed Abd-al Malik Badr al-Dine al-Houthi, dirigeant du mouvement de R\u00e9sistance y\u00e9m\u00e9nite Ansar Allah, le 4 ao\u00fbt 2019 (VOSTFR \/ sous-titres fran\u00e7ais).<\/p>\n<p><iframe loading=\"lazy\" src=\"https:\/\/player.vimeo.com\/video\/352588433\" width=\"640\" height=\"360\" frameborder=\"0\" allow=\"autoplay; fullscreen\" allowfullscreen><\/iframe><br \/>\n&nbsp;<\/p>\n<p><img loading=\"lazy\" src=\"https:\/\/www.lejournalduforkane.com\/wp-content\/uploads\/2019\/08\/r\u00e9sistance-y\u00e9m\u00e9nite-menace-l\u2019Arabie-Saoudite-et-les-Emirats-de-nouvelles-frappes.jpg\" alt=\"r\u00e9sistance y\u00e9m\u00e9nite menace l\u2019Arabie Saoudite et les Emirats de nouvelles frappes\" width=\"963\" height=\"450\" class=\"alignnone size-full wp-image-23020\" srcset=\"https:\/\/www.lejournalduforkane.com\/wp-content\/uploads\/2019\/08\/r\u00e9sistance-y\u00e9m\u00e9nite-menace-l\u2019Arabie-Saoudite-et-les-Emirats-de-nouvelles-frappes.jpg 963w, https:\/\/www.lejournalduforkane.com\/wp-content\/uploads\/2019\/08\/r\u00e9sistance-y\u00e9m\u00e9nite-menace-l\u2019Arabie-Saoudite-et-les-Emirats-de-nouvelles-frappes-300x140.jpg 300w, https:\/\/www.lejournalduforkane.com\/wp-content\/uploads\/2019\/08\/r\u00e9sistance-y\u00e9m\u00e9nite-menace-l\u2019Arabie-Saoudite-et-les-Emirats-de-nouvelles-frappes-768x359.jpg 768w\" sizes=\"(max-width: 963px) 100vw, 963px\" \/><\/p>\n","protected":false},"excerpt":{"rendered":"Discours de Sayed Abd-al Malik Badr al-Dine al-Houthi, dirigeant du mouvement de R\u00e9sistance y\u00e9m\u00e9nite Ansar Allah, le 4 ao\u00fbt 2019 (VOSTFR \/ sous-titres fran\u00e7ais). &nbsp;","protected":false},"author":2,"featured_media":0,"comment_status":"closed","ping_status":"open","sticky":false,"template":"","format":"standard","meta":[],"categories":[],"tags":[],"_links":{"self":[{"href":"https:\/\/www.lejournalduforkane.com\/index.php\/wp-json\/wp\/v2\/posts\/23019"}],"collection":[{"href":"https:\/\/www.lejournalduforkane.com\/index.php\/wp-json\/wp\/v2\/posts"}],"about":[{"href":"https:\/\/www.lejournalduforkane.com\/index.php\/wp-json\/wp\/v2\/types\/post"}],"author":[{"embeddable":true,"href":"https:\/\/www.lejournalduforkane.com\/index.php\/wp-json\/wp\/v2\/users\/2"}],"replies":[{"embeddable":true,"href":"https:\/\/www.lejournalduforkane.com\/index.php\/wp-json\/wp\/v2\/comments?post=23019"}],"version-history":[{"count":1,"href":"https:\/\/www.lejournalduforkane.com\/index.php\/wp-json\/wp\/v2\/posts\/23019\/revisions"}],"predecessor-version":[{"id":23021,"href":"https:\/\/www.lejournalduforkane.com\/index.php\/wp-json\/wp\/v2\/posts\/23019\/revisions\/23021"}],"wp:attachment":[{"href":"https:\/\/www.lejournalduforkane.com\/index.php\/wp-json\/wp\/v2\/media?parent=23019"}],"wp:term":[{"taxonomy":"category","embeddable":true,"href":"https:\/\/www.lejournalduforkane.com\/index.php\/wp-json\/wp\/v2\/categories?post=23019"},{"taxonomy":"post_tag","embeddable":true,"href":"https:\/\/www.lejournalduforkane.com\/index.php\/wp-json\/wp\/v2\/tags?post=23019"}],"curies":[{"name":"wp","href":"https:\/\/api.w.org\/{rel}","templated":true}]}}