
{"id":23022,"date":"2019-08-10T18:25:26","date_gmt":"2019-08-10T18:25:26","guid":{"rendered":"https:\/\/www.lejournalduforkane.com\/?p=23022"},"modified":"2019-08-12T18:28:47","modified_gmt":"2019-08-12T18:28:47","slug":"les-yemenites-marchent-devant-laeroport-de-sanaa-pour-denoncer-lembargo-tolere-par-la-communaute-internationale","status":"publish","type":"post","link":"https:\/\/www.lejournalduforkane.com\/index.php\/les-yemenites-marchent-devant-laeroport-de-sanaa-pour-denoncer-lembargo-tolere-par-la-communaute-internationale\/","title":{"rendered":"Les Y\u00e9m\u00e9nites marchent devant l&rsquo;a\u00e9roport de Sanaa pour d\u00e9noncer l&#8217;embargo tol\u00e9r\u00e9 par la \u00ab\u00a0communaut\u00e9 internationale\u00a0\u00bb.."},"content":{"rendered":"<p><!--more--><\/p>\n<p>\u00ab Sous les cris de l&rsquo;Am\u00e9rique est le plus grand satan \u00bb, une immense marche populaire devant l&rsquo;entr\u00e9e de l&rsquo;a\u00e9roport international de Sanaa, pour d\u00e9noncer l&#8217;embargo tol\u00e9r\u00e9 par la \u00ab\u00a0communaut\u00e9 internationale\u00a0\u00bb..<\/p>\n<p>ON NE PEUT QU\u2019\u00caTRE ADMIRATIF DEVANT CE PEUPLE COURAGEUX QUI BRAVE LES BOMBARDEMENTS DES SIONISTES ARABES. C\u2019EST L\u00c0 QUE L\u2019ON COMPREND POURQUOI LE Y\u00c9MEN EST B\u00c9NI PAR LE GRAND PROPH\u00c8TE (P), ET POURQUOI IL A MAUDIT LES SAOUDS ET LES CHIENS DE L\u2019ENFER SALAFISTE.<\/p>\n<p><iframe loading=\"lazy\" width=\"560\" height=\"315\" src=\"https:\/\/www.youtube.com\/embed\/8O8nzKlsQNc\" frameborder=\"0\" allow=\"accelerometer; autoplay; encrypted-media; gyroscope; picture-in-picture\" allowfullscreen><\/iframe><\/p>\n<p><img loading=\"lazy\" src=\"https:\/\/www.lejournalduforkane.com\/wp-content\/uploads\/2019\/08\/Les-Y\u00e9m\u00e9nites-marchent-devant-la\u00e9roport-de-Sanaa-pour-d\u00e9noncer-lembargo-tol\u00e9r\u00e9-par-la-communaut\u00e9-internationale.jpg\" alt=\"Les Y\u00e9m\u00e9nites marchent devant l&#039;a\u00e9roport de Sanaa pour d\u00e9noncer l&#039;embargo tol\u00e9r\u00e9 par la communaut\u00e9 internationale\" width=\"747\" height=\"374\" class=\"alignnone size-full wp-image-23023\" srcset=\"https:\/\/www.lejournalduforkane.com\/wp-content\/uploads\/2019\/08\/Les-Y\u00e9m\u00e9nites-marchent-devant-la\u00e9roport-de-Sanaa-pour-d\u00e9noncer-lembargo-tol\u00e9r\u00e9-par-la-communaut\u00e9-internationale.jpg 747w, https:\/\/www.lejournalduforkane.com\/wp-content\/uploads\/2019\/08\/Les-Y\u00e9m\u00e9nites-marchent-devant-la\u00e9roport-de-Sanaa-pour-d\u00e9noncer-lembargo-tol\u00e9r\u00e9-par-la-communaut\u00e9-internationale-300x150.jpg 300w\" sizes=\"(max-width: 747px) 100vw, 747px\" \/><\/p>\n","protected":false},"excerpt":{"rendered":"\u00ab Sous les cris de l'Am\u00e9rique est le plus grand satan \u00bb, une immense marche populaire devant l'entr\u00e9e de l'a\u00e9roport international de Sanaa, pour d\u00e9noncer l'embargo tol\u00e9r\u00e9 par la \"communaut\u00e9","protected":false},"author":2,"featured_media":0,"comment_status":"closed","ping_status":"open","sticky":false,"template":"","format":"standard","meta":[],"categories":[],"tags":[],"_links":{"self":[{"href":"https:\/\/www.lejournalduforkane.com\/index.php\/wp-json\/wp\/v2\/posts\/23022"}],"collection":[{"href":"https:\/\/www.lejournalduforkane.com\/index.php\/wp-json\/wp\/v2\/posts"}],"about":[{"href":"https:\/\/www.lejournalduforkane.com\/index.php\/wp-json\/wp\/v2\/types\/post"}],"author":[{"embeddable":true,"href":"https:\/\/www.lejournalduforkane.com\/index.php\/wp-json\/wp\/v2\/users\/2"}],"replies":[{"embeddable":true,"href":"https:\/\/www.lejournalduforkane.com\/index.php\/wp-json\/wp\/v2\/comments?post=23022"}],"version-history":[{"count":1,"href":"https:\/\/www.lejournalduforkane.com\/index.php\/wp-json\/wp\/v2\/posts\/23022\/revisions"}],"predecessor-version":[{"id":23024,"href":"https:\/\/www.lejournalduforkane.com\/index.php\/wp-json\/wp\/v2\/posts\/23022\/revisions\/23024"}],"wp:attachment":[{"href":"https:\/\/www.lejournalduforkane.com\/index.php\/wp-json\/wp\/v2\/media?parent=23022"}],"wp:term":[{"taxonomy":"category","embeddable":true,"href":"https:\/\/www.lejournalduforkane.com\/index.php\/wp-json\/wp\/v2\/categories?post=23022"},{"taxonomy":"post_tag","embeddable":true,"href":"https:\/\/www.lejournalduforkane.com\/index.php\/wp-json\/wp\/v2\/tags?post=23022"}],"curies":[{"name":"wp","href":"https:\/\/api.w.org\/{rel}","templated":true}]}}