
{"id":23037,"date":"2019-08-13T18:18:10","date_gmt":"2019-08-13T18:18:10","guid":{"rendered":"https:\/\/www.lejournalduforkane.com\/?p=23037"},"modified":"2019-08-13T18:18:10","modified_gmt":"2019-08-13T18:18:10","slug":"lunite-islamique-une-lecon-importante-du-hajj-et-de-la-fete-de-laid-pas-de-division-entre-musulmans-chiites-et-sunnites","status":"publish","type":"post","link":"https:\/\/www.lejournalduforkane.com\/index.php\/lunite-islamique-une-lecon-importante-du-hajj-et-de-la-fete-de-laid-pas-de-division-entre-musulmans-chiites-et-sunnites\/","title":{"rendered":"l&rsquo;UNITE ISLAMIQUE, une le\u00e7on importante du Hajj et de la f\u00eate de l&rsquo;A\u00efd. Pas de division entre Musulmans Chiites et Sunnites !"},"content":{"rendered":"<p><!--more--><br \/>\nSi les musulmans mettent de c\u00f4t\u00e9 leurs diff\u00e9rences insignifiantes, ils se retrouveront comme un seul corps.<\/p>\n<p><iframe loading=\"lazy\" width=\"720\" height=\"405\" src=\"\/\/rutube.ru\/play\/embed\/12802265\" frameborder=\"0\" webkitAllowFullScreen mozallowfullscreen allowfullscreen><\/iframe><\/p>\n<p><img loading=\"lazy\" src=\"https:\/\/www.lejournalduforkane.com\/wp-content\/uploads\/2019\/08\/unit\u00e9.jpg\" alt=\"unit\u00e9\" width=\"473\" height=\"265\" class=\"alignnone size-full wp-image-23038\" srcset=\"https:\/\/www.lejournalduforkane.com\/wp-content\/uploads\/2019\/08\/unit\u00e9.jpg 473w, https:\/\/www.lejournalduforkane.com\/wp-content\/uploads\/2019\/08\/unit\u00e9-300x168.jpg 300w\" sizes=\"(max-width: 473px) 100vw, 473px\" \/><\/p>\n","protected":false},"excerpt":{"rendered":"Si les musulmans mettent de c\u00f4t\u00e9 leurs diff\u00e9rences insignifiantes, ils se retrouveront comme un seul corps.","protected":false},"author":2,"featured_media":0,"comment_status":"closed","ping_status":"open","sticky":false,"template":"","format":"standard","meta":[],"categories":[],"tags":[],"_links":{"self":[{"href":"https:\/\/www.lejournalduforkane.com\/index.php\/wp-json\/wp\/v2\/posts\/23037"}],"collection":[{"href":"https:\/\/www.lejournalduforkane.com\/index.php\/wp-json\/wp\/v2\/posts"}],"about":[{"href":"https:\/\/www.lejournalduforkane.com\/index.php\/wp-json\/wp\/v2\/types\/post"}],"author":[{"embeddable":true,"href":"https:\/\/www.lejournalduforkane.com\/index.php\/wp-json\/wp\/v2\/users\/2"}],"replies":[{"embeddable":true,"href":"https:\/\/www.lejournalduforkane.com\/index.php\/wp-json\/wp\/v2\/comments?post=23037"}],"version-history":[{"count":1,"href":"https:\/\/www.lejournalduforkane.com\/index.php\/wp-json\/wp\/v2\/posts\/23037\/revisions"}],"predecessor-version":[{"id":23039,"href":"https:\/\/www.lejournalduforkane.com\/index.php\/wp-json\/wp\/v2\/posts\/23037\/revisions\/23039"}],"wp:attachment":[{"href":"https:\/\/www.lejournalduforkane.com\/index.php\/wp-json\/wp\/v2\/media?parent=23037"}],"wp:term":[{"taxonomy":"category","embeddable":true,"href":"https:\/\/www.lejournalduforkane.com\/index.php\/wp-json\/wp\/v2\/categories?post=23037"},{"taxonomy":"post_tag","embeddable":true,"href":"https:\/\/www.lejournalduforkane.com\/index.php\/wp-json\/wp\/v2\/tags?post=23037"}],"curies":[{"name":"wp","href":"https:\/\/api.w.org\/{rel}","templated":true}]}}