
{"id":23040,"date":"2019-08-13T18:32:51","date_gmt":"2019-08-13T18:32:51","guid":{"rendered":"https:\/\/www.lejournalduforkane.com\/?p=23040"},"modified":"2019-08-14T18:30:35","modified_gmt":"2019-08-14T18:30:35","slug":"video-layatollah-khamenei-a-trump-au-lieu-dexprimer-votre-sympathie-pour-la-nation-iranienne-allez-remedier-a-vos-propres-problemes","status":"publish","type":"post","link":"https:\/\/www.lejournalduforkane.com\/index.php\/video-layatollah-khamenei-a-trump-au-lieu-dexprimer-votre-sympathie-pour-la-nation-iranienne-allez-remedier-a-vos-propres-problemes\/","title":{"rendered":"Vid\u00e9o | l&rsquo;Ayatollah Khamenei \u00e0 Trump : Au lieu d&rsquo;exprimer votre sympathie pour la nation iranienne, allez rem\u00e9dier \u00e0 vos propres probl\u00e8mes !"},"content":{"rendered":"<p><!--more--><\/p>\n<p>Vid\u00e9o | l&rsquo;Ayatollah Khamenei \u00e0 Trump : Au lieu d&rsquo;exprimer votre sympathie pour la nation iranienne, allez rem\u00e9dier \u00e0 vos propres probl\u00e8mes !<\/p>\n<p><iframe loading=\"lazy\" width=\"620\" height=\"405\" src=\"\/\/rutube.ru\/play\/embed\/12802296\" frameborder=\"0\" webkitAllowFullScreen mozallowfullscreen allowfullscreen><\/iframe><\/p>\n<p><img loading=\"lazy\" src=\"https:\/\/www.lejournalduforkane.com\/wp-content\/uploads\/2019\/08\/khamanaei.jpg\" alt=\"khamanaei\" width=\"617\" height=\"293\" class=\"alignnone size-full wp-image-23041\" srcset=\"https:\/\/www.lejournalduforkane.com\/wp-content\/uploads\/2019\/08\/khamanaei.jpg 617w, https:\/\/www.lejournalduforkane.com\/wp-content\/uploads\/2019\/08\/khamanaei-300x142.jpg 300w\" sizes=\"(max-width: 617px) 100vw, 617px\" \/><\/p>\n","protected":false},"excerpt":{"rendered":"Vid\u00e9o | l'Ayatollah Khamenei \u00e0 Trump : Au lieu d'exprimer votre sympathie pour la nation iranienne, allez rem\u00e9dier \u00e0 vos propres probl\u00e8mes !","protected":false},"author":2,"featured_media":0,"comment_status":"closed","ping_status":"open","sticky":false,"template":"","format":"standard","meta":[],"categories":[],"tags":[],"_links":{"self":[{"href":"https:\/\/www.lejournalduforkane.com\/index.php\/wp-json\/wp\/v2\/posts\/23040"}],"collection":[{"href":"https:\/\/www.lejournalduforkane.com\/index.php\/wp-json\/wp\/v2\/posts"}],"about":[{"href":"https:\/\/www.lejournalduforkane.com\/index.php\/wp-json\/wp\/v2\/types\/post"}],"author":[{"embeddable":true,"href":"https:\/\/www.lejournalduforkane.com\/index.php\/wp-json\/wp\/v2\/users\/2"}],"replies":[{"embeddable":true,"href":"https:\/\/www.lejournalduforkane.com\/index.php\/wp-json\/wp\/v2\/comments?post=23040"}],"version-history":[{"count":2,"href":"https:\/\/www.lejournalduforkane.com\/index.php\/wp-json\/wp\/v2\/posts\/23040\/revisions"}],"predecessor-version":[{"id":23052,"href":"https:\/\/www.lejournalduforkane.com\/index.php\/wp-json\/wp\/v2\/posts\/23040\/revisions\/23052"}],"wp:attachment":[{"href":"https:\/\/www.lejournalduforkane.com\/index.php\/wp-json\/wp\/v2\/media?parent=23040"}],"wp:term":[{"taxonomy":"category","embeddable":true,"href":"https:\/\/www.lejournalduforkane.com\/index.php\/wp-json\/wp\/v2\/categories?post=23040"},{"taxonomy":"post_tag","embeddable":true,"href":"https:\/\/www.lejournalduforkane.com\/index.php\/wp-json\/wp\/v2\/tags?post=23040"}],"curies":[{"name":"wp","href":"https:\/\/api.w.org\/{rel}","templated":true}]}}