
{"id":23069,"date":"2019-08-20T18:42:43","date_gmt":"2019-08-20T18:42:43","guid":{"rendered":"https:\/\/www.lejournalduforkane.com\/?p=23069"},"modified":"2019-08-20T18:42:43","modified_gmt":"2019-08-20T18:42:43","slug":"la-force-militaire-de-la-republique-islamique-diran","status":"publish","type":"post","link":"https:\/\/www.lejournalduforkane.com\/index.php\/la-force-militaire-de-la-republique-islamique-diran\/","title":{"rendered":"La force militaire de la R\u00e9publique islamique d&rsquo;Iran"},"content":{"rendered":"<p><!--more--><\/p>\n<p>Une petite d\u00e9monstration des capacit\u00e9s militaires de l&rsquo;Iran. L&rsquo;Iran est constamment menac\u00e9 d&rsquo;une attaque militaire par les soi-disant super-pouvoirs du monde. Pendant ce temps, l&rsquo;Iran se tient debout.<\/p>\n<p>La vraie force de cette r\u00e9sistance est la d\u00e9pendance de l&rsquo;Iran envers Allah &#8211; Le Tout-Puissant.<\/p>\n<p><iframe loading=\"lazy\" width=\"620\" height=\"405\" src=\"\/\/rutube.ru\/play\/embed\/12814142\" frameborder=\"0\" webkitAllowFullScreen mozallowfullscreen allowfullscreen><\/iframe><\/p>\n<p><img loading=\"lazy\" src=\"https:\/\/www.lejournalduforkane.com\/wp-content\/uploads\/2019\/08\/La-force-militaire-de-la-R\u00e9publique-islamique-dIran.jpg\" alt=\"La force militaire de la R\u00e9publique islamique d&#039;Iran\" width=\"820\" height=\"459\" class=\"alignnone size-full wp-image-23070\" srcset=\"https:\/\/www.lejournalduforkane.com\/wp-content\/uploads\/2019\/08\/La-force-militaire-de-la-R\u00e9publique-islamique-dIran.jpg 820w, https:\/\/www.lejournalduforkane.com\/wp-content\/uploads\/2019\/08\/La-force-militaire-de-la-R\u00e9publique-islamique-dIran-300x168.jpg 300w, https:\/\/www.lejournalduforkane.com\/wp-content\/uploads\/2019\/08\/La-force-militaire-de-la-R\u00e9publique-islamique-dIran-768x430.jpg 768w\" sizes=\"(max-width: 820px) 100vw, 820px\" \/><\/p>\n","protected":false},"excerpt":{"rendered":"Une petite d\u00e9monstration des capacit\u00e9s militaires de l'Iran. L'Iran est constamment menac\u00e9 d'une attaque militaire par les soi-disant super-pouvoirs du monde. Pendant ce temps, l'Iran se tient debout. La vraie","protected":false},"author":2,"featured_media":0,"comment_status":"closed","ping_status":"open","sticky":false,"template":"","format":"standard","meta":[],"categories":[],"tags":[],"_links":{"self":[{"href":"https:\/\/www.lejournalduforkane.com\/index.php\/wp-json\/wp\/v2\/posts\/23069"}],"collection":[{"href":"https:\/\/www.lejournalduforkane.com\/index.php\/wp-json\/wp\/v2\/posts"}],"about":[{"href":"https:\/\/www.lejournalduforkane.com\/index.php\/wp-json\/wp\/v2\/types\/post"}],"author":[{"embeddable":true,"href":"https:\/\/www.lejournalduforkane.com\/index.php\/wp-json\/wp\/v2\/users\/2"}],"replies":[{"embeddable":true,"href":"https:\/\/www.lejournalduforkane.com\/index.php\/wp-json\/wp\/v2\/comments?post=23069"}],"version-history":[{"count":1,"href":"https:\/\/www.lejournalduforkane.com\/index.php\/wp-json\/wp\/v2\/posts\/23069\/revisions"}],"predecessor-version":[{"id":23071,"href":"https:\/\/www.lejournalduforkane.com\/index.php\/wp-json\/wp\/v2\/posts\/23069\/revisions\/23071"}],"wp:attachment":[{"href":"https:\/\/www.lejournalduforkane.com\/index.php\/wp-json\/wp\/v2\/media?parent=23069"}],"wp:term":[{"taxonomy":"category","embeddable":true,"href":"https:\/\/www.lejournalduforkane.com\/index.php\/wp-json\/wp\/v2\/categories?post=23069"},{"taxonomy":"post_tag","embeddable":true,"href":"https:\/\/www.lejournalduforkane.com\/index.php\/wp-json\/wp\/v2\/tags?post=23069"}],"curies":[{"name":"wp","href":"https:\/\/api.w.org\/{rel}","templated":true}]}}