
{"id":23075,"date":"2019-08-21T18:27:24","date_gmt":"2019-08-21T18:27:24","guid":{"rendered":"https:\/\/www.lejournalduforkane.com\/?p=23075"},"modified":"2019-08-21T18:27:24","modified_gmt":"2019-08-21T18:27:24","slug":"la-resistance-yemenite-abat-un-drone-militaire-americain","status":"publish","type":"post","link":"https:\/\/www.lejournalduforkane.com\/index.php\/la-resistance-yemenite-abat-un-drone-militaire-americain\/","title":{"rendered":"La R\u00e9sistance y\u00e9m\u00e9nite abat un drone militaire am\u00e9ricain"},"content":{"rendered":"<p><!--more--><\/p>\n<p>La R\u00e9sistance y\u00e9m\u00e9nite a abattue un drone MQ-9 de l&rsquo;arm\u00e9e am\u00e9ricaine mardi 20 ao\u00fbt dans la soir\u00e9e dans le gouvernorat y\u00e9m\u00e9nite de Dhamar, au sud-est de Sanaa.<\/p>\n<p>Le Y\u00e9men est invincible sur le plan militaire<\/p>\n<p><iframe loading=\"lazy\" width=\"560\" height=\"315\" src=\"https:\/\/www.youtube.com\/embed\/E36ZugboaYw\" frameborder=\"0\" allow=\"accelerometer; autoplay; encrypted-media; gyroscope; picture-in-picture\" allowfullscreen><\/iframe><\/p>\n<p><img loading=\"lazy\" src=\"https:\/\/www.lejournalduforkane.com\/wp-content\/uploads\/2019\/08\/les-y\u00e9m\u00e9nites-abatent-un-drone-us.jpg\" alt=\"les y\u00e9m\u00e9nites abatent un drone us\" width=\"738\" height=\"437\" class=\"alignnone size-full wp-image-23076\" srcset=\"https:\/\/www.lejournalduforkane.com\/wp-content\/uploads\/2019\/08\/les-y\u00e9m\u00e9nites-abatent-un-drone-us.jpg 738w, https:\/\/www.lejournalduforkane.com\/wp-content\/uploads\/2019\/08\/les-y\u00e9m\u00e9nites-abatent-un-drone-us-300x178.jpg 300w\" sizes=\"(max-width: 738px) 100vw, 738px\" \/><\/p>\n","protected":false},"excerpt":{"rendered":"La R\u00e9sistance y\u00e9m\u00e9nite a abattue un drone MQ-9 de l'arm\u00e9e am\u00e9ricaine mardi 20 ao\u00fbt dans la soir\u00e9e dans le gouvernorat y\u00e9m\u00e9nite de Dhamar, au sud-est de Sanaa. Le Y\u00e9men est","protected":false},"author":2,"featured_media":0,"comment_status":"closed","ping_status":"open","sticky":false,"template":"","format":"standard","meta":[],"categories":[],"tags":[],"_links":{"self":[{"href":"https:\/\/www.lejournalduforkane.com\/index.php\/wp-json\/wp\/v2\/posts\/23075"}],"collection":[{"href":"https:\/\/www.lejournalduforkane.com\/index.php\/wp-json\/wp\/v2\/posts"}],"about":[{"href":"https:\/\/www.lejournalduforkane.com\/index.php\/wp-json\/wp\/v2\/types\/post"}],"author":[{"embeddable":true,"href":"https:\/\/www.lejournalduforkane.com\/index.php\/wp-json\/wp\/v2\/users\/2"}],"replies":[{"embeddable":true,"href":"https:\/\/www.lejournalduforkane.com\/index.php\/wp-json\/wp\/v2\/comments?post=23075"}],"version-history":[{"count":1,"href":"https:\/\/www.lejournalduforkane.com\/index.php\/wp-json\/wp\/v2\/posts\/23075\/revisions"}],"predecessor-version":[{"id":23077,"href":"https:\/\/www.lejournalduforkane.com\/index.php\/wp-json\/wp\/v2\/posts\/23075\/revisions\/23077"}],"wp:attachment":[{"href":"https:\/\/www.lejournalduforkane.com\/index.php\/wp-json\/wp\/v2\/media?parent=23075"}],"wp:term":[{"taxonomy":"category","embeddable":true,"href":"https:\/\/www.lejournalduforkane.com\/index.php\/wp-json\/wp\/v2\/categories?post=23075"},{"taxonomy":"post_tag","embeddable":true,"href":"https:\/\/www.lejournalduforkane.com\/index.php\/wp-json\/wp\/v2\/tags?post=23075"}],"curies":[{"name":"wp","href":"https:\/\/api.w.org\/{rel}","templated":true}]}}