
{"id":23085,"date":"2019-08-25T18:31:10","date_gmt":"2019-08-25T18:31:10","guid":{"rendered":"https:\/\/www.lejournalduforkane.com\/?p=23085"},"modified":"2019-08-25T18:31:10","modified_gmt":"2019-08-25T18:31:10","slug":"limam-khamenei-le-gouvernement-indien-doit-adopter-une-politique-juste-a-legard-du-noble-peuple-du-cachemire","status":"publish","type":"post","link":"https:\/\/www.lejournalduforkane.com\/index.php\/limam-khamenei-le-gouvernement-indien-doit-adopter-une-politique-juste-a-legard-du-noble-peuple-du-cachemire\/","title":{"rendered":"L&rsquo;Imam Khamenei : \u00ab Le gouvernement indien doit adopter une politique juste \u00e0 l&rsquo;\u00e9gard du noble peuple du Cachemire \u00bb"},"content":{"rendered":"<p><!--more--><\/p>\n<p>Le Guide supr\u00eame de la R\u00e9volution islamique d&rsquo;Iran, l&rsquo;Ayatollah Khamenei, a re\u00e7u en audience le 21 ao\u00fbt 2019, \u00e0 l&rsquo;occasion de la Semaine du Gouvernement, le Pr\u00e9sident Hassan Rouhani et les membres du cabinet.<\/p>\n<p><iframe loading=\"lazy\" width=\"720\" height=\"405\" src=\"\/\/rutube.ru\/play\/embed\/12824946\" frameborder=\"0\" webkitAllowFullScreen mozallowfullscreen allowfullscreen><\/iframe><\/p>\n<p><img loading=\"lazy\" src=\"https:\/\/www.lejournalduforkane.com\/wp-content\/uploads\/2019\/08\/cachemir.jpg\" alt=\"cachemir\" width=\"934\" height=\"420\" class=\"alignnone size-full wp-image-23086\" srcset=\"https:\/\/www.lejournalduforkane.com\/wp-content\/uploads\/2019\/08\/cachemir.jpg 934w, https:\/\/www.lejournalduforkane.com\/wp-content\/uploads\/2019\/08\/cachemir-300x135.jpg 300w, https:\/\/www.lejournalduforkane.com\/wp-content\/uploads\/2019\/08\/cachemir-768x345.jpg 768w\" sizes=\"(max-width: 934px) 100vw, 934px\" \/><\/p>\n","protected":false},"excerpt":{"rendered":"Le Guide supr\u00eame de la R\u00e9volution islamique d'Iran, l'Ayatollah Khamenei, a re\u00e7u en audience le 21 ao\u00fbt 2019, \u00e0 l'occasion de la Semaine du Gouvernement, le Pr\u00e9sident Hassan Rouhani et","protected":false},"author":2,"featured_media":0,"comment_status":"closed","ping_status":"open","sticky":false,"template":"","format":"standard","meta":[],"categories":[],"tags":[],"_links":{"self":[{"href":"https:\/\/www.lejournalduforkane.com\/index.php\/wp-json\/wp\/v2\/posts\/23085"}],"collection":[{"href":"https:\/\/www.lejournalduforkane.com\/index.php\/wp-json\/wp\/v2\/posts"}],"about":[{"href":"https:\/\/www.lejournalduforkane.com\/index.php\/wp-json\/wp\/v2\/types\/post"}],"author":[{"embeddable":true,"href":"https:\/\/www.lejournalduforkane.com\/index.php\/wp-json\/wp\/v2\/users\/2"}],"replies":[{"embeddable":true,"href":"https:\/\/www.lejournalduforkane.com\/index.php\/wp-json\/wp\/v2\/comments?post=23085"}],"version-history":[{"count":1,"href":"https:\/\/www.lejournalduforkane.com\/index.php\/wp-json\/wp\/v2\/posts\/23085\/revisions"}],"predecessor-version":[{"id":23087,"href":"https:\/\/www.lejournalduforkane.com\/index.php\/wp-json\/wp\/v2\/posts\/23085\/revisions\/23087"}],"wp:attachment":[{"href":"https:\/\/www.lejournalduforkane.com\/index.php\/wp-json\/wp\/v2\/media?parent=23085"}],"wp:term":[{"taxonomy":"category","embeddable":true,"href":"https:\/\/www.lejournalduforkane.com\/index.php\/wp-json\/wp\/v2\/categories?post=23085"},{"taxonomy":"post_tag","embeddable":true,"href":"https:\/\/www.lejournalduforkane.com\/index.php\/wp-json\/wp\/v2\/tags?post=23085"}],"curies":[{"name":"wp","href":"https:\/\/api.w.org\/{rel}","templated":true}]}}