
{"id":23096,"date":"2019-08-27T18:43:54","date_gmt":"2019-08-27T18:43:54","guid":{"rendered":"https:\/\/www.lejournalduforkane.com\/?p=23096"},"modified":"2019-08-27T18:43:54","modified_gmt":"2019-08-27T18:43:54","slug":"video-nasrallah-notre-riposte-est-imminente-netanyahou-fait-campagne-avec-le-sang-des-israeliens","status":"publish","type":"post","link":"https:\/\/www.lejournalduforkane.com\/index.php\/video-nasrallah-notre-riposte-est-imminente-netanyahou-fait-campagne-avec-le-sang-des-israeliens\/","title":{"rendered":"Vid\u00e9o | Nasrallah : \u00ab\u00a0notre riposte est imminente, Netanyahou fait campagne avec le sang des Isra\u00e9liens\u00a0\u00bb"},"content":{"rendered":"<p><!--more--><br \/>\nDiscours du Secr\u00e9taire G\u00e9n\u00e9ral du Hezbollah, Sayed Hassan Nasrallah, le 25 ao\u00fbt 2019, \u00e0 l\u2019occasion de la comm\u00e9moration annuelle de la Deuxi\u00e8me Lib\u00e9ration du Liban face aux groupes terroristes takfiris parachev\u00e9e le 25 ao\u00fbt 2017 (VOSTFR \/ sous-titres fran\u00e7ais).<\/p>\n<p><iframe loading=\"lazy\" src=\"https:\/\/player.vimeo.com\/video\/355877968\" width=\"640\" height=\"360\" frameborder=\"0\" allow=\"autoplay; fullscreen\" allowfullscreen><\/iframe><\/p>\n<p><img loading=\"lazy\" src=\"https:\/\/www.lejournalduforkane.com\/wp-content\/uploads\/2019\/08\/notre-riposte-est-imminente-Netanyahou-fait-campagne-avec-le-sang-des-Isra\u00e9liens.jpg\" alt=\"notre riposte est imminente, Netanyahou fait campagne avec le sang des Isra\u00e9liens\" width=\"962\" height=\"494\" class=\"alignnone size-full wp-image-23097\" srcset=\"https:\/\/www.lejournalduforkane.com\/wp-content\/uploads\/2019\/08\/notre-riposte-est-imminente-Netanyahou-fait-campagne-avec-le-sang-des-Isra\u00e9liens.jpg 962w, https:\/\/www.lejournalduforkane.com\/wp-content\/uploads\/2019\/08\/notre-riposte-est-imminente-Netanyahou-fait-campagne-avec-le-sang-des-Isra\u00e9liens-300x154.jpg 300w, https:\/\/www.lejournalduforkane.com\/wp-content\/uploads\/2019\/08\/notre-riposte-est-imminente-Netanyahou-fait-campagne-avec-le-sang-des-Isra\u00e9liens-768x394.jpg 768w\" sizes=\"(max-width: 962px) 100vw, 962px\" \/><\/p>\n","protected":false},"excerpt":{"rendered":"Discours du Secr\u00e9taire G\u00e9n\u00e9ral du Hezbollah, Sayed Hassan Nasrallah, le 25 ao\u00fbt 2019, \u00e0 l\u2019occasion de la comm\u00e9moration annuelle de la Deuxi\u00e8me Lib\u00e9ration du Liban face aux groupes terroristes takfiris","protected":false},"author":2,"featured_media":0,"comment_status":"closed","ping_status":"open","sticky":false,"template":"","format":"standard","meta":[],"categories":[],"tags":[],"_links":{"self":[{"href":"https:\/\/www.lejournalduforkane.com\/index.php\/wp-json\/wp\/v2\/posts\/23096"}],"collection":[{"href":"https:\/\/www.lejournalduforkane.com\/index.php\/wp-json\/wp\/v2\/posts"}],"about":[{"href":"https:\/\/www.lejournalduforkane.com\/index.php\/wp-json\/wp\/v2\/types\/post"}],"author":[{"embeddable":true,"href":"https:\/\/www.lejournalduforkane.com\/index.php\/wp-json\/wp\/v2\/users\/2"}],"replies":[{"embeddable":true,"href":"https:\/\/www.lejournalduforkane.com\/index.php\/wp-json\/wp\/v2\/comments?post=23096"}],"version-history":[{"count":1,"href":"https:\/\/www.lejournalduforkane.com\/index.php\/wp-json\/wp\/v2\/posts\/23096\/revisions"}],"predecessor-version":[{"id":23098,"href":"https:\/\/www.lejournalduforkane.com\/index.php\/wp-json\/wp\/v2\/posts\/23096\/revisions\/23098"}],"wp:attachment":[{"href":"https:\/\/www.lejournalduforkane.com\/index.php\/wp-json\/wp\/v2\/media?parent=23096"}],"wp:term":[{"taxonomy":"category","embeddable":true,"href":"https:\/\/www.lejournalduforkane.com\/index.php\/wp-json\/wp\/v2\/categories?post=23096"},{"taxonomy":"post_tag","embeddable":true,"href":"https:\/\/www.lejournalduforkane.com\/index.php\/wp-json\/wp\/v2\/tags?post=23096"}],"curies":[{"name":"wp","href":"https:\/\/api.w.org\/{rel}","templated":true}]}}