
{"id":23099,"date":"2019-08-27T18:47:41","date_gmt":"2019-08-27T18:47:41","guid":{"rendered":"https:\/\/www.lejournalduforkane.com\/?p=23099"},"modified":"2019-08-28T18:05:11","modified_gmt":"2019-08-28T18:05:11","slug":"video-attaque-de-drones-israeliens-au-liban-nasrallah-aucun-colon-ne-doit-se-sentir-en-securite","status":"publish","type":"post","link":"https:\/\/www.lejournalduforkane.com\/index.php\/video-attaque-de-drones-israeliens-au-liban-nasrallah-aucun-colon-ne-doit-se-sentir-en-securite\/","title":{"rendered":"[Vid\u00e9o] | Attaque de drones isra\u00e9liens au Liban &#8212; Nasrallah : \u00ab\u00a0aucun colon ne doit se sentir en s\u00e9curit\u00e9 !\u00a0\u00bb"},"content":{"rendered":"<p><!--more--><\/p>\n<p>Discours du Secr\u00e9taire G\u00e9n\u00e9ral du Hezbollah, Sayed Hassan Nasrallah, le 25 ao\u00fbt 2019, \u00e0 l&rsquo;occasion de la comm\u00e9moration annuelle de la Deuxi\u00e8me Lib\u00e9ration du Liban face aux groupes terroristes takfiris parachev\u00e9e le 25 ao\u00fbt 2017 (VOSTFR \/ sous-titres fran\u00e7ais).<\/p>\n<p><iframe loading=\"lazy\" src=\"https:\/\/player.vimeo.com\/video\/355877968\" width=\"640\" height=\"360\" frameborder=\"0\" allow=\"autoplay; fullscreen\" allowfullscreen><\/iframe><\/p>\n<p><img loading=\"lazy\" src=\"https:\/\/www.lejournalduforkane.com\/wp-content\/uploads\/2015\/03\/achora-nasrallah.png\" alt=\"achora nasrallah\" width=\"534\" height=\"356\" class=\"alignnone size-full wp-image-4299\" \/><\/p>\n","protected":false},"excerpt":{"rendered":"Discours du Secr\u00e9taire G\u00e9n\u00e9ral du Hezbollah, Sayed Hassan Nasrallah, le 25 ao\u00fbt 2019, \u00e0 l'occasion de la comm\u00e9moration annuelle de la Deuxi\u00e8me Lib\u00e9ration du Liban face aux groupes terroristes takfiris","protected":false},"author":2,"featured_media":0,"comment_status":"closed","ping_status":"open","sticky":false,"template":"","format":"standard","meta":[],"categories":[],"tags":[],"_links":{"self":[{"href":"https:\/\/www.lejournalduforkane.com\/index.php\/wp-json\/wp\/v2\/posts\/23099"}],"collection":[{"href":"https:\/\/www.lejournalduforkane.com\/index.php\/wp-json\/wp\/v2\/posts"}],"about":[{"href":"https:\/\/www.lejournalduforkane.com\/index.php\/wp-json\/wp\/v2\/types\/post"}],"author":[{"embeddable":true,"href":"https:\/\/www.lejournalduforkane.com\/index.php\/wp-json\/wp\/v2\/users\/2"}],"replies":[{"embeddable":true,"href":"https:\/\/www.lejournalduforkane.com\/index.php\/wp-json\/wp\/v2\/comments?post=23099"}],"version-history":[{"count":1,"href":"https:\/\/www.lejournalduforkane.com\/index.php\/wp-json\/wp\/v2\/posts\/23099\/revisions"}],"predecessor-version":[{"id":23100,"href":"https:\/\/www.lejournalduforkane.com\/index.php\/wp-json\/wp\/v2\/posts\/23099\/revisions\/23100"}],"wp:attachment":[{"href":"https:\/\/www.lejournalduforkane.com\/index.php\/wp-json\/wp\/v2\/media?parent=23099"}],"wp:term":[{"taxonomy":"category","embeddable":true,"href":"https:\/\/www.lejournalduforkane.com\/index.php\/wp-json\/wp\/v2\/categories?post=23099"},{"taxonomy":"post_tag","embeddable":true,"href":"https:\/\/www.lejournalduforkane.com\/index.php\/wp-json\/wp\/v2\/tags?post=23099"}],"curies":[{"name":"wp","href":"https:\/\/api.w.org\/{rel}","templated":true}]}}