
{"id":23102,"date":"2019-08-28T18:11:44","date_gmt":"2019-08-28T18:11:44","guid":{"rendered":"https:\/\/www.lejournalduforkane.com\/?p=23102"},"modified":"2019-08-28T18:11:44","modified_gmt":"2019-08-28T18:11:44","slug":"regardez-le-courage-de-ce-jeune-palestinien-face-a-un-regiment-de-soldats-israeliens-armes-jusquaux-dents","status":"publish","type":"post","link":"https:\/\/www.lejournalduforkane.com\/index.php\/regardez-le-courage-de-ce-jeune-palestinien-face-a-un-regiment-de-soldats-israeliens-armes-jusquaux-dents\/","title":{"rendered":"Regardez le courage de ce jeune Palestinien face \u00e0 un r\u00e9giment de soldats isra\u00e9liens arm\u00e9s jusqu&rsquo;aux dents !"},"content":{"rendered":"<p><!--more--><\/p>\n<p>Ce jeune n\u2019a pas l&rsquo;air d&rsquo;\u00eatre impressionn\u00e9<\/p>\n<p><iframe loading=\"lazy\" width=\"620\" height=\"405\" src=\"\/\/rutube.ru\/play\/embed\/12832016\" frameborder=\"0\" webkitAllowFullScreen mozallowfullscreen allowfullscreen><\/iframe><\/p>\n<p><img loading=\"lazy\" src=\"https:\/\/www.lejournalduforkane.com\/wp-content\/uploads\/2019\/08\/le-courage-de-ce-jeune-Palestinien-face-\u00e0-un-r\u00e9giment-de-soldats-isra\u00e9liens-arm\u00e9s-jusquaux-dents.jpg\" alt=\"le courage de ce jeune Palestinien face \u00e0 un r\u00e9giment de soldats isra\u00e9liens arm\u00e9s jusqu&#039;aux dents\" width=\"561\" height=\"310\" class=\"alignnone size-full wp-image-23103\" srcset=\"https:\/\/www.lejournalduforkane.com\/wp-content\/uploads\/2019\/08\/le-courage-de-ce-jeune-Palestinien-face-\u00e0-un-r\u00e9giment-de-soldats-isra\u00e9liens-arm\u00e9s-jusquaux-dents.jpg 561w, https:\/\/www.lejournalduforkane.com\/wp-content\/uploads\/2019\/08\/le-courage-de-ce-jeune-Palestinien-face-\u00e0-un-r\u00e9giment-de-soldats-isra\u00e9liens-arm\u00e9s-jusquaux-dents-300x166.jpg 300w\" sizes=\"(max-width: 561px) 100vw, 561px\" \/><\/p>\n","protected":false},"excerpt":{"rendered":"Ce jeune n\u2019a pas l'air d'\u00eatre impressionn\u00e9","protected":false},"author":2,"featured_media":0,"comment_status":"closed","ping_status":"open","sticky":false,"template":"","format":"standard","meta":[],"categories":[],"tags":[],"_links":{"self":[{"href":"https:\/\/www.lejournalduforkane.com\/index.php\/wp-json\/wp\/v2\/posts\/23102"}],"collection":[{"href":"https:\/\/www.lejournalduforkane.com\/index.php\/wp-json\/wp\/v2\/posts"}],"about":[{"href":"https:\/\/www.lejournalduforkane.com\/index.php\/wp-json\/wp\/v2\/types\/post"}],"author":[{"embeddable":true,"href":"https:\/\/www.lejournalduforkane.com\/index.php\/wp-json\/wp\/v2\/users\/2"}],"replies":[{"embeddable":true,"href":"https:\/\/www.lejournalduforkane.com\/index.php\/wp-json\/wp\/v2\/comments?post=23102"}],"version-history":[{"count":1,"href":"https:\/\/www.lejournalduforkane.com\/index.php\/wp-json\/wp\/v2\/posts\/23102\/revisions"}],"predecessor-version":[{"id":23104,"href":"https:\/\/www.lejournalduforkane.com\/index.php\/wp-json\/wp\/v2\/posts\/23102\/revisions\/23104"}],"wp:attachment":[{"href":"https:\/\/www.lejournalduforkane.com\/index.php\/wp-json\/wp\/v2\/media?parent=23102"}],"wp:term":[{"taxonomy":"category","embeddable":true,"href":"https:\/\/www.lejournalduforkane.com\/index.php\/wp-json\/wp\/v2\/categories?post=23102"},{"taxonomy":"post_tag","embeddable":true,"href":"https:\/\/www.lejournalduforkane.com\/index.php\/wp-json\/wp\/v2\/tags?post=23102"}],"curies":[{"name":"wp","href":"https:\/\/api.w.org\/{rel}","templated":true}]}}