
{"id":23114,"date":"2019-09-01T12:22:16","date_gmt":"2019-09-01T12:22:16","guid":{"rendered":"https:\/\/www.lejournalduforkane.com\/?p=23114"},"modified":"2019-09-02T18:33:51","modified_gmt":"2019-09-02T18:33:51","slug":"terreur-a-la-frontiere-israelo-libanaise-des-mannequins-de-bois-remplacent-les-soldats-israeliens","status":"publish","type":"post","link":"https:\/\/www.lejournalduforkane.com\/index.php\/terreur-a-la-frontiere-israelo-libanaise-des-mannequins-de-bois-remplacent-les-soldats-israeliens\/","title":{"rendered":"Terreur \u00e0 la fronti\u00e8re isra\u00e9lo-libanaise : des mannequins de bois remplacent les soldats isra\u00e9liens"},"content":{"rendered":"<p><!--more--><\/p>\n<p>Reportage de la cha\u00eene du Hezbollah, Al-Manar, le 29 ao\u00fbt 2019 (VOSTFR \/ sous-titres fran\u00e7ais).<\/p>\n<p><iframe loading=\"lazy\" src=\"https:\/\/player.vimeo.com\/video\/357166875\" width=\"640\" height=\"360\" frameborder=\"0\" allow=\"autoplay; fullscreen\" allowfullscreen><\/iframe><\/p>\n<p><img loading=\"lazy\" src=\"https:\/\/www.lejournalduforkane.com\/wp-content\/uploads\/2019\/09\/Terreur-\u00e0-la-fronti\u00e8re-isra\u00e9lo-libanaise-des-mannequins-de-bois-remplacent-les-soldats-isra\u00e9liens.jpg\" alt=\"Terreur \u00e0 la fronti\u00e8re isra\u00e9lo-libanaise  des mannequins de bois remplacent les soldats isra\u00e9liens\" width=\"959\" height=\"440\" class=\"alignnone size-full wp-image-23115\" srcset=\"https:\/\/www.lejournalduforkane.com\/wp-content\/uploads\/2019\/09\/Terreur-\u00e0-la-fronti\u00e8re-isra\u00e9lo-libanaise-des-mannequins-de-bois-remplacent-les-soldats-isra\u00e9liens.jpg 959w, https:\/\/www.lejournalduforkane.com\/wp-content\/uploads\/2019\/09\/Terreur-\u00e0-la-fronti\u00e8re-isra\u00e9lo-libanaise-des-mannequins-de-bois-remplacent-les-soldats-isra\u00e9liens-300x138.jpg 300w, https:\/\/www.lejournalduforkane.com\/wp-content\/uploads\/2019\/09\/Terreur-\u00e0-la-fronti\u00e8re-isra\u00e9lo-libanaise-des-mannequins-de-bois-remplacent-les-soldats-isra\u00e9liens-768x352.jpg 768w\" sizes=\"(max-width: 959px) 100vw, 959px\" \/><\/p>\n","protected":false},"excerpt":{"rendered":"Reportage de la cha\u00eene du Hezbollah, Al-Manar, le 29 ao\u00fbt 2019 (VOSTFR \/ sous-titres fran\u00e7ais).","protected":false},"author":2,"featured_media":0,"comment_status":"closed","ping_status":"open","sticky":false,"template":"","format":"standard","meta":[],"categories":[],"tags":[],"_links":{"self":[{"href":"https:\/\/www.lejournalduforkane.com\/index.php\/wp-json\/wp\/v2\/posts\/23114"}],"collection":[{"href":"https:\/\/www.lejournalduforkane.com\/index.php\/wp-json\/wp\/v2\/posts"}],"about":[{"href":"https:\/\/www.lejournalduforkane.com\/index.php\/wp-json\/wp\/v2\/types\/post"}],"author":[{"embeddable":true,"href":"https:\/\/www.lejournalduforkane.com\/index.php\/wp-json\/wp\/v2\/users\/2"}],"replies":[{"embeddable":true,"href":"https:\/\/www.lejournalduforkane.com\/index.php\/wp-json\/wp\/v2\/comments?post=23114"}],"version-history":[{"count":1,"href":"https:\/\/www.lejournalduforkane.com\/index.php\/wp-json\/wp\/v2\/posts\/23114\/revisions"}],"predecessor-version":[{"id":23116,"href":"https:\/\/www.lejournalduforkane.com\/index.php\/wp-json\/wp\/v2\/posts\/23114\/revisions\/23116"}],"wp:attachment":[{"href":"https:\/\/www.lejournalduforkane.com\/index.php\/wp-json\/wp\/v2\/media?parent=23114"}],"wp:term":[{"taxonomy":"category","embeddable":true,"href":"https:\/\/www.lejournalduforkane.com\/index.php\/wp-json\/wp\/v2\/categories?post=23114"},{"taxonomy":"post_tag","embeddable":true,"href":"https:\/\/www.lejournalduforkane.com\/index.php\/wp-json\/wp\/v2\/tags?post=23114"}],"curies":[{"name":"wp","href":"https:\/\/api.w.org\/{rel}","templated":true}]}}