
{"id":23121,"date":"2019-09-02T18:35:34","date_gmt":"2019-09-02T18:35:34","guid":{"rendered":"https:\/\/www.lejournalduforkane.com\/?p=23121"},"modified":"2019-09-02T18:35:34","modified_gmt":"2019-09-02T18:35:34","slug":"urgent-en-video-le-hezbollah-detruit-un-vehicule-israelien-dans-le-nord-de-la-palestine","status":"publish","type":"post","link":"https:\/\/www.lejournalduforkane.com\/index.php\/urgent-en-video-le-hezbollah-detruit-un-vehicule-israelien-dans-le-nord-de-la-palestine\/","title":{"rendered":"URGENT EN VIDEO | LE HEZBOLLAH D\u00c9TRUIT UN V\u00c9HICULE ISRA\u00c9LIEN DANS LE NORD DE LA PALESTINE"},"content":{"rendered":"<p><!--more--><\/p>\n<p style=\"text-align: justify;\">Le Hezbollah a d\u00e9clar\u00e9 dimanche qu&rsquo;il avait d\u00e9truit un v\u00e9hicule militaire isra\u00e9lien \u00e0 l&rsquo;aide d&rsquo;un missile guid\u00e9 dans le nord de la Palestine occup\u00e9e.<\/p>\n<p style=\"text-align: justify;\">Dans un communiqu\u00e9 de presse, le groupe a d\u00e9clar\u00e9 qu&rsquo; \u00ab\u00a0\u00e0 16h15 le dimanche 1er septembre 2019, le groupe des\u00a0\u00bb martyrs Hassan Zbib et Yaser Dhaher\u00a0\u00bb a d\u00e9truit un v\u00e9hicule militaire sur la route du site d&rsquo;Avivim et a tu\u00e9 et bless\u00e9 les militair<span class=\"text_exposed_show\">es se trouvant \u00e0 l&rsquo;int\u00e9rieur.<\/span><\/p>\n<div class=\"text_exposed_show\">\n<p style=\"text-align: justify;\">Dans le m\u00eame temps, les m\u00e9dias isra\u00e9liens ont d\u00e9clar\u00e9 qu&rsquo;un missile antichar avait \u00e9t\u00e9 tir\u00e9 du Liban sur la Palestine occup\u00e9e. L&rsquo;artillerie isra\u00e9lienne a ripost\u00e9 dans les territoires libanais.<\/p>\n<p><iframe loading=\"lazy\" src=\"\/\/rutube.ru\/play\/embed\/12841173\" width=\"620\" height=\"405\" frameborder=\"0\" allowfullscreen=\"allowfullscreen\"><\/iframe><\/p>\n<p><img loading=\"lazy\" src=\"https:\/\/www.lejournalduforkane.com\/wp-content\/uploads\/2019\/09\/LE-HEZBOLLAH-D\u00c9TRUIT-UN-V\u00c9HICULE-ISRA\u00c9LIEN-DANS-LE-NORD-DE-LA-PALESTINE.jpg\" alt=\"LE HEZBOLLAH D\u00c9TRUIT UN V\u00c9HICULE ISRA\u00c9LIEN DANS LE NORD DE LA PALESTINE\" width=\"403\" height=\"299\" class=\"alignnone size-full wp-image-23122\" srcset=\"https:\/\/www.lejournalduforkane.com\/wp-content\/uploads\/2019\/09\/LE-HEZBOLLAH-D\u00c9TRUIT-UN-V\u00c9HICULE-ISRA\u00c9LIEN-DANS-LE-NORD-DE-LA-PALESTINE.jpg 403w, https:\/\/www.lejournalduforkane.com\/wp-content\/uploads\/2019\/09\/LE-HEZBOLLAH-D\u00c9TRUIT-UN-V\u00c9HICULE-ISRA\u00c9LIEN-DANS-LE-NORD-DE-LA-PALESTINE-300x223.jpg 300w\" sizes=\"(max-width: 403px) 100vw, 403px\" \/>\n<\/div>\n","protected":false},"excerpt":{"rendered":"Le Hezbollah a d\u00e9clar\u00e9 dimanche qu'il avait d\u00e9truit un v\u00e9hicule militaire isra\u00e9lien \u00e0 l'aide d'un missile guid\u00e9 dans le nord de la Palestine occup\u00e9e. Dans un communiqu\u00e9 de presse, le","protected":false},"author":2,"featured_media":0,"comment_status":"closed","ping_status":"open","sticky":false,"template":"","format":"standard","meta":[],"categories":[],"tags":[],"_links":{"self":[{"href":"https:\/\/www.lejournalduforkane.com\/index.php\/wp-json\/wp\/v2\/posts\/23121"}],"collection":[{"href":"https:\/\/www.lejournalduforkane.com\/index.php\/wp-json\/wp\/v2\/posts"}],"about":[{"href":"https:\/\/www.lejournalduforkane.com\/index.php\/wp-json\/wp\/v2\/types\/post"}],"author":[{"embeddable":true,"href":"https:\/\/www.lejournalduforkane.com\/index.php\/wp-json\/wp\/v2\/users\/2"}],"replies":[{"embeddable":true,"href":"https:\/\/www.lejournalduforkane.com\/index.php\/wp-json\/wp\/v2\/comments?post=23121"}],"version-history":[{"count":1,"href":"https:\/\/www.lejournalduforkane.com\/index.php\/wp-json\/wp\/v2\/posts\/23121\/revisions"}],"predecessor-version":[{"id":23123,"href":"https:\/\/www.lejournalduforkane.com\/index.php\/wp-json\/wp\/v2\/posts\/23121\/revisions\/23123"}],"wp:attachment":[{"href":"https:\/\/www.lejournalduforkane.com\/index.php\/wp-json\/wp\/v2\/media?parent=23121"}],"wp:term":[{"taxonomy":"category","embeddable":true,"href":"https:\/\/www.lejournalduforkane.com\/index.php\/wp-json\/wp\/v2\/categories?post=23121"},{"taxonomy":"post_tag","embeddable":true,"href":"https:\/\/www.lejournalduforkane.com\/index.php\/wp-json\/wp\/v2\/tags?post=23121"}],"curies":[{"name":"wp","href":"https:\/\/api.w.org\/{rel}","templated":true}]}}