
{"id":23127,"date":"2019-09-03T17:57:20","date_gmt":"2019-09-03T17:57:20","guid":{"rendered":"https:\/\/www.lejournalduforkane.com\/?p=23127"},"modified":"2019-09-04T18:01:26","modified_gmt":"2019-09-04T18:01:26","slug":"video-mohammad-javad-zarif-la-pression-americaine-ne-marchera-pas-sur-les-iraniens","status":"publish","type":"post","link":"https:\/\/www.lejournalduforkane.com\/index.php\/video-mohammad-javad-zarif-la-pression-americaine-ne-marchera-pas-sur-les-iraniens\/","title":{"rendered":"Vid\u00e9o | Mohammad Javad Zarif : \u00ab\u00a0La pression am\u00e9ricaine ne marchera pas sur les Iraniens\u00a0\u00bb"},"content":{"rendered":"<p><!--more--><\/p>\n<p>De passage \u00e0 Paris, vendredi 23 ao\u00fbt, pour une rencontre avec Emmanuel Macron, le ministre iranien des Affaires \u00e9trang\u00e8res, Mohammad Javad Zarif, a r\u00e9pondu ensuite aux questions de France 24.<\/p>\n<p>Il a salu\u00e9 les propositions du pr\u00e9sident fran\u00e7ais, qui multiplie les contacts avec T\u00e9h\u00e9ran pour tenter de sauver l&rsquo;accord sur le nucl\u00e9aire iranien.<br \/>\n<iframe loading=\"lazy\" width=\"560\" height=\"315\" src=\"https:\/\/www.youtube.com\/embed\/BjVpdUBDRmE\" frameborder=\"0\" allow=\"accelerometer; autoplay; encrypted-media; gyroscope; picture-in-picture\" allowfullscreen><\/iframe><\/p>\n<p><img loading=\"lazy\" src=\"https:\/\/www.lejournalduforkane.com\/wp-content\/uploads\/2019\/09\/La-pression-am\u00e9ricaine-ne-marchera-pas-sur-les-Iraniens.jpg\" alt=\"La pression am\u00e9ricaine ne marchera pas sur les Iraniens\" width=\"476\" height=\"248\" class=\"alignnone size-full wp-image-23128\" srcset=\"https:\/\/www.lejournalduforkane.com\/wp-content\/uploads\/2019\/09\/La-pression-am\u00e9ricaine-ne-marchera-pas-sur-les-Iraniens.jpg 476w, https:\/\/www.lejournalduforkane.com\/wp-content\/uploads\/2019\/09\/La-pression-am\u00e9ricaine-ne-marchera-pas-sur-les-Iraniens-300x156.jpg 300w\" sizes=\"(max-width: 476px) 100vw, 476px\" \/><\/p>\n","protected":false},"excerpt":{"rendered":"De passage \u00e0 Paris, vendredi 23 ao\u00fbt, pour une rencontre avec Emmanuel Macron, le ministre iranien des Affaires \u00e9trang\u00e8res, Mohammad Javad Zarif, a r\u00e9pondu ensuite aux questions de France 24.","protected":false},"author":2,"featured_media":0,"comment_status":"closed","ping_status":"open","sticky":false,"template":"","format":"standard","meta":[],"categories":[],"tags":[],"_links":{"self":[{"href":"https:\/\/www.lejournalduforkane.com\/index.php\/wp-json\/wp\/v2\/posts\/23127"}],"collection":[{"href":"https:\/\/www.lejournalduforkane.com\/index.php\/wp-json\/wp\/v2\/posts"}],"about":[{"href":"https:\/\/www.lejournalduforkane.com\/index.php\/wp-json\/wp\/v2\/types\/post"}],"author":[{"embeddable":true,"href":"https:\/\/www.lejournalduforkane.com\/index.php\/wp-json\/wp\/v2\/users\/2"}],"replies":[{"embeddable":true,"href":"https:\/\/www.lejournalduforkane.com\/index.php\/wp-json\/wp\/v2\/comments?post=23127"}],"version-history":[{"count":1,"href":"https:\/\/www.lejournalduforkane.com\/index.php\/wp-json\/wp\/v2\/posts\/23127\/revisions"}],"predecessor-version":[{"id":23129,"href":"https:\/\/www.lejournalduforkane.com\/index.php\/wp-json\/wp\/v2\/posts\/23127\/revisions\/23129"}],"wp:attachment":[{"href":"https:\/\/www.lejournalduforkane.com\/index.php\/wp-json\/wp\/v2\/media?parent=23127"}],"wp:term":[{"taxonomy":"category","embeddable":true,"href":"https:\/\/www.lejournalduforkane.com\/index.php\/wp-json\/wp\/v2\/categories?post=23127"},{"taxonomy":"post_tag","embeddable":true,"href":"https:\/\/www.lejournalduforkane.com\/index.php\/wp-json\/wp\/v2\/tags?post=23127"}],"curies":[{"name":"wp","href":"https:\/\/api.w.org\/{rel}","templated":true}]}}