
{"id":23130,"date":"2019-09-04T18:32:49","date_gmt":"2019-09-04T18:32:49","guid":{"rendered":"https:\/\/www.lejournalduforkane.com\/?p=23130"},"modified":"2019-09-04T18:32:49","modified_gmt":"2019-09-04T18:32:49","slug":"guerre-contre-le-yemen-si-on-vend-des-armes-ce-nest-pas-pour-que-ca-termine-dans-un-musee","status":"publish","type":"post","link":"https:\/\/www.lejournalduforkane.com\/index.php\/guerre-contre-le-yemen-si-on-vend-des-armes-ce-nest-pas-pour-que-ca-termine-dans-un-musee\/","title":{"rendered":"Guerre contre le Y\u00e9men : \u00abSi on vend des armes, ce n&rsquo;est pas pour que \u00e7a termine dans un mus\u00e9e\u00bb"},"content":{"rendered":"<p><!--more--><\/p>\n<p>Entretien du 4\/9\/2019 avec Patricia Lalonde, vice-pr\u00e9sidente de Geopragma. Elle revient sur le rapport de l&rsquo;ONU mettant en lumi\u00e8re une \u00abcomplicit\u00e9\u00bb \u00e9ventuelle des Etats-Unis, de la France ou encore de la Grande-Bretagne dans le conflit au Y\u00e9men via la vente d&rsquo;arme \u00e0 l&rsquo;Arabie saoudite.<\/p>\n<p><iframe loading=\"lazy\" width=\"560\" height=\"315\" src=\"https:\/\/www.youtube.com\/embed\/suHa4ihUz1M\" frameborder=\"0\" allow=\"accelerometer; autoplay; encrypted-media; gyroscope; picture-in-picture\" allowfullscreen><\/iframe><br \/>\n<img loading=\"lazy\" src=\"https:\/\/www.lejournalduforkane.com\/wp-content\/uploads\/2019\/09\/Si-on-vend-des-armes-ce-nest-pas-pour-que-\u00e7a-termine-dans-un-mus\u00e9e.jpg\" alt=\"Si on vend des armes, ce n&#039;est pas pour que \u00e7a termine dans un mus\u00e9e\" width=\"769\" height=\"431\" class=\"alignnone size-full wp-image-23131\" srcset=\"https:\/\/www.lejournalduforkane.com\/wp-content\/uploads\/2019\/09\/Si-on-vend-des-armes-ce-nest-pas-pour-que-\u00e7a-termine-dans-un-mus\u00e9e.jpg 769w, https:\/\/www.lejournalduforkane.com\/wp-content\/uploads\/2019\/09\/Si-on-vend-des-armes-ce-nest-pas-pour-que-\u00e7a-termine-dans-un-mus\u00e9e-300x168.jpg 300w, https:\/\/www.lejournalduforkane.com\/wp-content\/uploads\/2019\/09\/Si-on-vend-des-armes-ce-nest-pas-pour-que-\u00e7a-termine-dans-un-mus\u00e9e-768x430.jpg 768w\" sizes=\"(max-width: 769px) 100vw, 769px\" \/><\/p>\n","protected":false},"excerpt":{"rendered":"Entretien du 4\/9\/2019 avec Patricia Lalonde, vice-pr\u00e9sidente de Geopragma. Elle revient sur le rapport de l'ONU mettant en lumi\u00e8re une \u00abcomplicit\u00e9\u00bb \u00e9ventuelle des Etats-Unis, de la France ou encore de","protected":false},"author":2,"featured_media":0,"comment_status":"closed","ping_status":"open","sticky":false,"template":"","format":"standard","meta":[],"categories":[],"tags":[],"_links":{"self":[{"href":"https:\/\/www.lejournalduforkane.com\/index.php\/wp-json\/wp\/v2\/posts\/23130"}],"collection":[{"href":"https:\/\/www.lejournalduforkane.com\/index.php\/wp-json\/wp\/v2\/posts"}],"about":[{"href":"https:\/\/www.lejournalduforkane.com\/index.php\/wp-json\/wp\/v2\/types\/post"}],"author":[{"embeddable":true,"href":"https:\/\/www.lejournalduforkane.com\/index.php\/wp-json\/wp\/v2\/users\/2"}],"replies":[{"embeddable":true,"href":"https:\/\/www.lejournalduforkane.com\/index.php\/wp-json\/wp\/v2\/comments?post=23130"}],"version-history":[{"count":1,"href":"https:\/\/www.lejournalduforkane.com\/index.php\/wp-json\/wp\/v2\/posts\/23130\/revisions"}],"predecessor-version":[{"id":23132,"href":"https:\/\/www.lejournalduforkane.com\/index.php\/wp-json\/wp\/v2\/posts\/23130\/revisions\/23132"}],"wp:attachment":[{"href":"https:\/\/www.lejournalduforkane.com\/index.php\/wp-json\/wp\/v2\/media?parent=23130"}],"wp:term":[{"taxonomy":"category","embeddable":true,"href":"https:\/\/www.lejournalduforkane.com\/index.php\/wp-json\/wp\/v2\/categories?post=23130"},{"taxonomy":"post_tag","embeddable":true,"href":"https:\/\/www.lejournalduforkane.com\/index.php\/wp-json\/wp\/v2\/tags?post=23130"}],"curies":[{"name":"wp","href":"https:\/\/api.w.org\/{rel}","templated":true}]}}