
{"id":23167,"date":"2019-09-12T18:24:31","date_gmt":"2019-09-12T18:24:31","guid":{"rendered":"https:\/\/www.lejournalduforkane.com\/?p=23167"},"modified":"2019-09-15T18:27:51","modified_gmt":"2019-09-15T18:27:51","slug":"video-les-resistants-dansarallah-semparent-de-plusieurs-sites-le-long-de-la-frontiere-saoudo-yemenite-apres-le-lancement-dune-grande-offensive","status":"publish","type":"post","link":"https:\/\/www.lejournalduforkane.com\/index.php\/video-les-resistants-dansarallah-semparent-de-plusieurs-sites-le-long-de-la-frontiere-saoudo-yemenite-apres-le-lancement-dune-grande-offensive\/","title":{"rendered":"VID\u00c9O : les r\u00e9sistants d&rsquo;Ansarallah s&#8217;emparent de plusieurs sites le long de la fronti\u00e8re saoudo-y\u00e9m\u00e9nite apr\u00e8s le lancement d&rsquo;une grande offensive"},"content":{"rendered":"<p><!--more--><\/p>\n<p>Les forces d&rsquo;Ansarallah ont r\u00e9ussi \u00e0 faire une grande avanc\u00e9e le long de la fronti\u00e8re y\u00e9m\u00e9no-saoudienne cette semaine apr\u00e8s avoir lanc\u00e9 une grande offensive contre les forces pro-gouvernementales y\u00e9m\u00e9nites dans la r\u00e9gion de Jizan en Arabie saoudite.<\/p>\n<p>Appuy\u00e9es par l&rsquo;artillerie lourde, les forces d&rsquo;Ansarallah ont commenc\u00e9 l&rsquo;offensive dans la r\u00e9gion de Jahfan, dans la r\u00e9gion de Jizan; cela donnerait plus tard une grande avance au groupe y\u00e9m\u00e9nite.<\/p>\n<p>\u00c0 la suite de la capture de plusieurs sites dans la r\u00e9gion de Jahfan, les forces d\u2019Ansarallah ont saisi plusieurs armes et se sont retir\u00e9es de ces sites avant que la coalition saoudienne ne commence \u00e0 bombarder la r\u00e9gion.<\/p>\n<p>L\u2019op\u00e9ration a \u00e9t\u00e9 film\u00e9e par les m\u00e9dias des forces d&rsquo;Ansarallah; elle montre le d\u00e9but de l&rsquo;offensive et les cons\u00e9quences :<br \/>\n<iframe loading=\"lazy\" width=\"560\" height=\"315\" src=\"https:\/\/www.youtube.com\/embed\/oXvDWB9ao_w\" frameborder=\"0\" allow=\"accelerometer; autoplay; encrypted-media; gyroscope; picture-in-picture\" allowfullscreen><\/iframe><\/p>\n<p><img loading=\"lazy\" src=\"https:\/\/www.lejournalduforkane.com\/wp-content\/uploads\/2019\/09\/les-r\u00e9sistants-dAnsarallah-semparent-de-plusieurs-sites-le-long-de-la-fronti\u00e8re-saoudo-y\u00e9m\u00e9nite-apr\u00e8s-le-lancement-dune-grande-offensive.jpg\" alt=\"les r\u00e9sistants d&#039;Ansarallah s&#039;emparent de plusieurs sites le long de la fronti\u00e8re saoudo-y\u00e9m\u00e9nite apr\u00e8s le lancement d&#039;une grande offensive\" width=\"540\" height=\"281\" class=\"alignnone size-full wp-image-23168\" srcset=\"https:\/\/www.lejournalduforkane.com\/wp-content\/uploads\/2019\/09\/les-r\u00e9sistants-dAnsarallah-semparent-de-plusieurs-sites-le-long-de-la-fronti\u00e8re-saoudo-y\u00e9m\u00e9nite-apr\u00e8s-le-lancement-dune-grande-offensive.jpg 540w, https:\/\/www.lejournalduforkane.com\/wp-content\/uploads\/2019\/09\/les-r\u00e9sistants-dAnsarallah-semparent-de-plusieurs-sites-le-long-de-la-fronti\u00e8re-saoudo-y\u00e9m\u00e9nite-apr\u00e8s-le-lancement-dune-grande-offensive-300x156.jpg 300w\" sizes=\"(max-width: 540px) 100vw, 540px\" \/><\/p>\n","protected":false},"excerpt":{"rendered":"Les forces d'Ansarallah ont r\u00e9ussi \u00e0 faire une grande avanc\u00e9e le long de la fronti\u00e8re y\u00e9m\u00e9no-saoudienne cette semaine apr\u00e8s avoir lanc\u00e9 une grande offensive contre les forces pro-gouvernementales y\u00e9m\u00e9nites dans","protected":false},"author":2,"featured_media":0,"comment_status":"closed","ping_status":"open","sticky":false,"template":"","format":"standard","meta":[],"categories":[],"tags":[],"_links":{"self":[{"href":"https:\/\/www.lejournalduforkane.com\/index.php\/wp-json\/wp\/v2\/posts\/23167"}],"collection":[{"href":"https:\/\/www.lejournalduforkane.com\/index.php\/wp-json\/wp\/v2\/posts"}],"about":[{"href":"https:\/\/www.lejournalduforkane.com\/index.php\/wp-json\/wp\/v2\/types\/post"}],"author":[{"embeddable":true,"href":"https:\/\/www.lejournalduforkane.com\/index.php\/wp-json\/wp\/v2\/users\/2"}],"replies":[{"embeddable":true,"href":"https:\/\/www.lejournalduforkane.com\/index.php\/wp-json\/wp\/v2\/comments?post=23167"}],"version-history":[{"count":1,"href":"https:\/\/www.lejournalduforkane.com\/index.php\/wp-json\/wp\/v2\/posts\/23167\/revisions"}],"predecessor-version":[{"id":23169,"href":"https:\/\/www.lejournalduforkane.com\/index.php\/wp-json\/wp\/v2\/posts\/23167\/revisions\/23169"}],"wp:attachment":[{"href":"https:\/\/www.lejournalduforkane.com\/index.php\/wp-json\/wp\/v2\/media?parent=23167"}],"wp:term":[{"taxonomy":"category","embeddable":true,"href":"https:\/\/www.lejournalduforkane.com\/index.php\/wp-json\/wp\/v2\/categories?post=23167"},{"taxonomy":"post_tag","embeddable":true,"href":"https:\/\/www.lejournalduforkane.com\/index.php\/wp-json\/wp\/v2\/tags?post=23167"}],"curies":[{"name":"wp","href":"https:\/\/api.w.org\/{rel}","templated":true}]}}