
{"id":23170,"date":"2019-09-14T17:52:05","date_gmt":"2019-09-14T17:52:05","guid":{"rendered":"https:\/\/www.lejournalduforkane.com\/?p=23170"},"modified":"2019-09-16T17:57:51","modified_gmt":"2019-09-16T17:57:51","slug":"video-les-drones-de-la-resistance-yemenite-attaquent-2-installations-petrolieres-en-arabie-saoudite","status":"publish","type":"post","link":"https:\/\/www.lejournalduforkane.com\/index.php\/video-les-drones-de-la-resistance-yemenite-attaquent-2-installations-petrolieres-en-arabie-saoudite\/","title":{"rendered":"Vid\u00e9o : les drones de la R\u00e9sistance y\u00e9m\u00e9nite attaquent 2 installations p\u00e9troli\u00e8res en Arabie Saoudite"},"content":{"rendered":"<p style=\"text-align: justify;\"><!--more--><\/p>\n<p style=\"text-align: justify;\">La vid\u00e9o montre les situations apr\u00e8s que les drones y\u00e9m\u00e9nites ont frapp\u00e9 les installations p\u00e9troli\u00e8res saoudiennes d\u00e9pendantes de la soci\u00e9t\u00e9 Aramco \u00e0 Abqa\u00efq&#8230;<\/p>\n<p style=\"text-align: justify;\">Abqa\u00efq est l&rsquo;un des principaux gisements p\u00e9troliers de l&rsquo;Arabie saoudite, dans la province orientale d&rsquo;ach-Charqiya. Il se situe dans le prolongement direct de Ghawar, au nord de ce dernier et offre un p\u00e9trole d&rsquo;une qualit\u00e9 encore sup\u00e9rieure, class\u00e9 \u00ab extra-l\u00e9ger \u00bb.<\/p>\n<p style=\"text-align: justify;\">Cette op\u00e9ration survient dans le cadre du droit l\u00e9gal et naturel \u00e0 r\u00e9pondre aux crimes de l&rsquo;agression et \u00e0 son embargo permanent sur le Yemen depuis cinq ann\u00e9es.. Cette op\u00e9ration peut \u00eatre consid\u00e9r\u00e9e comme une des plus grandes, ex\u00e9cut\u00e9e par les forces y\u00e9m\u00e9nites dans la profondeur saoudienne..<\/p>\n<p style=\"text-align: justify;\">\n<p><iframe loading=\"lazy\" width=\"720\" height=\"405\" src=\"\/\/rutube.ru\/play\/embed\/12871337\" frameborder=\"0\" webkitAllowFullScreen mozallowfullscreen allowfullscreen><\/iframe><\/p>\n<p style=\"text-align: justify;\"><img loading=\"lazy\" class=\"alignnone size-full wp-image-23171\" src=\"https:\/\/www.lejournalduforkane.com\/wp-content\/uploads\/2019\/09\/les-drones-de-la-R\u00e9sistance-y\u00e9m\u00e9nite-attaquent-2-installations-p\u00e9troli\u00e8res-en-Arabie-Saoudite.jpg\" alt=\"les drones de la R\u00e9sistance y\u00e9m\u00e9nite attaquent 2 installations p\u00e9troli\u00e8res en Arabie Saoudite\" width=\"505\" height=\"442\" srcset=\"https:\/\/www.lejournalduforkane.com\/wp-content\/uploads\/2019\/09\/les-drones-de-la-R\u00e9sistance-y\u00e9m\u00e9nite-attaquent-2-installations-p\u00e9troli\u00e8res-en-Arabie-Saoudite.jpg 505w, https:\/\/www.lejournalduforkane.com\/wp-content\/uploads\/2019\/09\/les-drones-de-la-R\u00e9sistance-y\u00e9m\u00e9nite-attaquent-2-installations-p\u00e9troli\u00e8res-en-Arabie-Saoudite-300x263.jpg 300w\" sizes=\"(max-width: 505px) 100vw, 505px\" \/><\/p>\n","protected":false},"excerpt":{"rendered":"La vid\u00e9o montre les situations apr\u00e8s que les drones y\u00e9m\u00e9nites ont frapp\u00e9 les installations p\u00e9troli\u00e8res saoudiennes d\u00e9pendantes de la soci\u00e9t\u00e9 Aramco \u00e0 Abqa\u00efq... Abqa\u00efq est l'un des principaux gisements p\u00e9troliers","protected":false},"author":2,"featured_media":0,"comment_status":"closed","ping_status":"open","sticky":false,"template":"","format":"standard","meta":[],"categories":[],"tags":[],"_links":{"self":[{"href":"https:\/\/www.lejournalduforkane.com\/index.php\/wp-json\/wp\/v2\/posts\/23170"}],"collection":[{"href":"https:\/\/www.lejournalduforkane.com\/index.php\/wp-json\/wp\/v2\/posts"}],"about":[{"href":"https:\/\/www.lejournalduforkane.com\/index.php\/wp-json\/wp\/v2\/types\/post"}],"author":[{"embeddable":true,"href":"https:\/\/www.lejournalduforkane.com\/index.php\/wp-json\/wp\/v2\/users\/2"}],"replies":[{"embeddable":true,"href":"https:\/\/www.lejournalduforkane.com\/index.php\/wp-json\/wp\/v2\/comments?post=23170"}],"version-history":[{"count":1,"href":"https:\/\/www.lejournalduforkane.com\/index.php\/wp-json\/wp\/v2\/posts\/23170\/revisions"}],"predecessor-version":[{"id":23172,"href":"https:\/\/www.lejournalduforkane.com\/index.php\/wp-json\/wp\/v2\/posts\/23170\/revisions\/23172"}],"wp:attachment":[{"href":"https:\/\/www.lejournalduforkane.com\/index.php\/wp-json\/wp\/v2\/media?parent=23170"}],"wp:term":[{"taxonomy":"category","embeddable":true,"href":"https:\/\/www.lejournalduforkane.com\/index.php\/wp-json\/wp\/v2\/categories?post=23170"},{"taxonomy":"post_tag","embeddable":true,"href":"https:\/\/www.lejournalduforkane.com\/index.php\/wp-json\/wp\/v2\/tags?post=23170"}],"curies":[{"name":"wp","href":"https:\/\/api.w.org\/{rel}","templated":true}]}}