
{"id":23173,"date":"2019-09-14T17:58:46","date_gmt":"2019-09-14T17:58:46","guid":{"rendered":"https:\/\/www.lejournalduforkane.com\/?p=23173"},"modified":"2019-09-16T18:12:32","modified_gmt":"2019-09-16T18:12:32","slug":"premiere-procession-de-achoura-au-japon-elle-se-propage-a-travers-le-monde","status":"publish","type":"post","link":"https:\/\/www.lejournalduforkane.com\/index.php\/premiere-procession-de-achoura-au-japon-elle-se-propage-a-travers-le-monde\/","title":{"rendered":"Premi\u00e8re procession de Achoura au Japon, elle se propage \u00e0 travers le monde."},"content":{"rendered":"<p><!--more--><\/p>\n<p>Achoura est le 10\u00e8me jour du mois lunaire de Muharram et est le jour o\u00f9 le troisi\u00e8me imam des Musulmans et petit-fils du proph\u00e8te Mohammad (P), l\u2019imam Hussein (AS), et 72 de ses compagnons sont martyris\u00e9s \u00e0 Karbala, dans le sud de l\u2019Irak. en 680 apr\u00e8s JC par l\u2019arm\u00e9e du calife omeyyade, Yazid I.<\/p>\n<p>L\u2019Achoura est \u00e9galement comm\u00e9mor\u00e9e par les musulmans dans de nombreux pays du monde, notamment au Japon.<\/p>\n<p>De grandes foules de gens participent g\u00e9n\u00e9ralement aux rituels au sanctuaire de l\u2019imam Hussein (AS) pour comm\u00e9morer son martyre<\/p>\n<p><iframe loading=\"lazy\" width=\"720\" height=\"405\" src=\"\/\/rutube.ru\/play\/embed\/12871345\" frameborder=\"0\" webkitAllowFullScreen mozallowfullscreen allowfullscreen><\/iframe><\/p>\n<p><img loading=\"lazy\" src=\"https:\/\/www.lejournalduforkane.com\/wp-content\/uploads\/2019\/09\/Premi\u00e8re-procession-de-Achoura-au-Japon-elle-se-propage-\u00e0-travers-le-monde..jpg\" alt=\"Premi\u00e8re procession de Achoura au Japon, elle se propage \u00e0 travers le monde.\" width=\"410\" height=\"236\" class=\"alignnone size-full wp-image-23174\" srcset=\"https:\/\/www.lejournalduforkane.com\/wp-content\/uploads\/2019\/09\/Premi\u00e8re-procession-de-Achoura-au-Japon-elle-se-propage-\u00e0-travers-le-monde..jpg 410w, https:\/\/www.lejournalduforkane.com\/wp-content\/uploads\/2019\/09\/Premi\u00e8re-procession-de-Achoura-au-Japon-elle-se-propage-\u00e0-travers-le-monde.-300x173.jpg 300w\" sizes=\"(max-width: 410px) 100vw, 410px\" \/><\/p>\n","protected":false},"excerpt":{"rendered":"Achoura est le 10\u00e8me jour du mois lunaire de Muharram et est le jour o\u00f9 le troisi\u00e8me imam des Musulmans et petit-fils du proph\u00e8te Mohammad (P), l\u2019imam Hussein (AS), et","protected":false},"author":2,"featured_media":0,"comment_status":"closed","ping_status":"open","sticky":false,"template":"","format":"standard","meta":[],"categories":[],"tags":[],"_links":{"self":[{"href":"https:\/\/www.lejournalduforkane.com\/index.php\/wp-json\/wp\/v2\/posts\/23173"}],"collection":[{"href":"https:\/\/www.lejournalduforkane.com\/index.php\/wp-json\/wp\/v2\/posts"}],"about":[{"href":"https:\/\/www.lejournalduforkane.com\/index.php\/wp-json\/wp\/v2\/types\/post"}],"author":[{"embeddable":true,"href":"https:\/\/www.lejournalduforkane.com\/index.php\/wp-json\/wp\/v2\/users\/2"}],"replies":[{"embeddable":true,"href":"https:\/\/www.lejournalduforkane.com\/index.php\/wp-json\/wp\/v2\/comments?post=23173"}],"version-history":[{"count":1,"href":"https:\/\/www.lejournalduforkane.com\/index.php\/wp-json\/wp\/v2\/posts\/23173\/revisions"}],"predecessor-version":[{"id":23175,"href":"https:\/\/www.lejournalduforkane.com\/index.php\/wp-json\/wp\/v2\/posts\/23173\/revisions\/23175"}],"wp:attachment":[{"href":"https:\/\/www.lejournalduforkane.com\/index.php\/wp-json\/wp\/v2\/media?parent=23173"}],"wp:term":[{"taxonomy":"category","embeddable":true,"href":"https:\/\/www.lejournalduforkane.com\/index.php\/wp-json\/wp\/v2\/categories?post=23173"},{"taxonomy":"post_tag","embeddable":true,"href":"https:\/\/www.lejournalduforkane.com\/index.php\/wp-json\/wp\/v2\/tags?post=23173"}],"curies":[{"name":"wp","href":"https:\/\/api.w.org\/{rel}","templated":true}]}}