
{"id":23182,"date":"2019-09-17T17:25:58","date_gmt":"2019-09-17T17:25:58","guid":{"rendered":"https:\/\/www.lejournalduforkane.com\/?p=23182"},"modified":"2019-09-18T17:28:24","modified_gmt":"2019-09-18T17:28:24","slug":"blocus-au-yemen-les-preuves-de-la-complicite-de-la-france","status":"publish","type":"post","link":"https:\/\/www.lejournalduforkane.com\/index.php\/blocus-au-yemen-les-preuves-de-la-complicite-de-la-france\/","title":{"rendered":"BLOCUS AU Y\u00c9MEN : LES PREUVES DE LA COMPLICIT\u00c9 DE LA FRANCE"},"content":{"rendered":"<p><!--more--><br \/>\nComment se d\u00e9roule le blocus maritime ?<br \/>\nLe r\u00f4le cl\u00e9s des navires de guerre vendus par la France ?<\/p>\n<p>R\u00e9ponse ici :<br \/>\n<iframe loading=\"lazy\" width=\"560\" height=\"315\" src=\"https:\/\/www.youtube.com\/embed\/RzQN2s1iR1Q\" frameborder=\"0\" allow=\"accelerometer; autoplay; encrypted-media; gyroscope; picture-in-picture\" allowfullscreen><\/iframe><\/p>\n<p><img loading=\"lazy\" src=\"https:\/\/www.lejournalduforkane.com\/wp-content\/uploads\/2019\/09\/LES-PREUVES-DE-LA-COMPLICIT\u00c9-DE-LA-FRANCE.jpg\" alt=\"LES PREUVES DE LA COMPLICIT\u00c9 DE LA FRANCE\" width=\"540\" height=\"281\" class=\"alignnone size-full wp-image-23183\" srcset=\"https:\/\/www.lejournalduforkane.com\/wp-content\/uploads\/2019\/09\/LES-PREUVES-DE-LA-COMPLICIT\u00c9-DE-LA-FRANCE.jpg 540w, https:\/\/www.lejournalduforkane.com\/wp-content\/uploads\/2019\/09\/LES-PREUVES-DE-LA-COMPLICIT\u00c9-DE-LA-FRANCE-300x156.jpg 300w\" sizes=\"(max-width: 540px) 100vw, 540px\" \/><\/p>\n","protected":false},"excerpt":{"rendered":"Comment se d\u00e9roule le blocus maritime ? Le r\u00f4le cl\u00e9s des navires de guerre vendus par la France ? R\u00e9ponse ici :","protected":false},"author":2,"featured_media":0,"comment_status":"closed","ping_status":"open","sticky":false,"template":"","format":"standard","meta":[],"categories":[],"tags":[],"_links":{"self":[{"href":"https:\/\/www.lejournalduforkane.com\/index.php\/wp-json\/wp\/v2\/posts\/23182"}],"collection":[{"href":"https:\/\/www.lejournalduforkane.com\/index.php\/wp-json\/wp\/v2\/posts"}],"about":[{"href":"https:\/\/www.lejournalduforkane.com\/index.php\/wp-json\/wp\/v2\/types\/post"}],"author":[{"embeddable":true,"href":"https:\/\/www.lejournalduforkane.com\/index.php\/wp-json\/wp\/v2\/users\/2"}],"replies":[{"embeddable":true,"href":"https:\/\/www.lejournalduforkane.com\/index.php\/wp-json\/wp\/v2\/comments?post=23182"}],"version-history":[{"count":1,"href":"https:\/\/www.lejournalduforkane.com\/index.php\/wp-json\/wp\/v2\/posts\/23182\/revisions"}],"predecessor-version":[{"id":23184,"href":"https:\/\/www.lejournalduforkane.com\/index.php\/wp-json\/wp\/v2\/posts\/23182\/revisions\/23184"}],"wp:attachment":[{"href":"https:\/\/www.lejournalduforkane.com\/index.php\/wp-json\/wp\/v2\/media?parent=23182"}],"wp:term":[{"taxonomy":"category","embeddable":true,"href":"https:\/\/www.lejournalduforkane.com\/index.php\/wp-json\/wp\/v2\/categories?post=23182"},{"taxonomy":"post_tag","embeddable":true,"href":"https:\/\/www.lejournalduforkane.com\/index.php\/wp-json\/wp\/v2\/tags?post=23182"}],"curies":[{"name":"wp","href":"https:\/\/api.w.org\/{rel}","templated":true}]}}