
{"id":23185,"date":"2019-09-18T17:35:46","date_gmt":"2019-09-18T17:35:46","guid":{"rendered":"https:\/\/www.lejournalduforkane.com\/?p=23185"},"modified":"2019-09-18T17:35:46","modified_gmt":"2019-09-18T17:35:46","slug":"video-nasrallah-larmee-israelienne-est-devenue-une-armee-hollywoodienne","status":"publish","type":"post","link":"https:\/\/www.lejournalduforkane.com\/index.php\/video-nasrallah-larmee-israelienne-est-devenue-une-armee-hollywoodienne\/","title":{"rendered":"Vid\u00e9o | Nasrallah : l\u2019arm\u00e9e isra\u00e9lienne est devenue une arm\u00e9e hollywoodienne"},"content":{"rendered":"<p><!--more--><\/p>\n<p>Discours du Secr\u00e9taire G\u00e9n\u00e9ral du Hezbollah, Sayed Hassan Nasrallah, le 10 septembre 2019, \u00e0 l&rsquo;occasion du 10e jour du mois de Muharram, comm\u00e9morant le martyre de l&rsquo;Imam Hussein (VOSTFR \/ sous-titres fran\u00e7ais).<\/p>\n<p><iframe loading=\"lazy\" src=\"https:\/\/player.vimeo.com\/video\/360375899\" width=\"640\" height=\"360\" frameborder=\"0\" allow=\"autoplay; fullscreen\" allowfullscreen><\/iframe><\/p>\n<p><img loading=\"lazy\" src=\"https:\/\/www.lejournalduforkane.com\/wp-content\/uploads\/2019\/09\/l\u2019arm\u00e9e-isra\u00e9lienne-est-devenue-une-arm\u00e9e-hollywoodienne.jpg\" alt=\"l\u2019arm\u00e9e isra\u00e9lienne est devenue une arm\u00e9e hollywoodienne\" width=\"540\" height=\"281\" class=\"alignnone size-full wp-image-23186\" srcset=\"https:\/\/www.lejournalduforkane.com\/wp-content\/uploads\/2019\/09\/l\u2019arm\u00e9e-isra\u00e9lienne-est-devenue-une-arm\u00e9e-hollywoodienne.jpg 540w, https:\/\/www.lejournalduforkane.com\/wp-content\/uploads\/2019\/09\/l\u2019arm\u00e9e-isra\u00e9lienne-est-devenue-une-arm\u00e9e-hollywoodienne-300x156.jpg 300w\" sizes=\"(max-width: 540px) 100vw, 540px\" \/><\/p>\n","protected":false},"excerpt":{"rendered":"Discours du Secr\u00e9taire G\u00e9n\u00e9ral du Hezbollah, Sayed Hassan Nasrallah, le 10 septembre 2019, \u00e0 l'occasion du 10e jour du mois de Muharram, comm\u00e9morant le martyre de l'Imam Hussein (VOSTFR \/","protected":false},"author":2,"featured_media":0,"comment_status":"closed","ping_status":"open","sticky":false,"template":"","format":"standard","meta":[],"categories":[],"tags":[],"_links":{"self":[{"href":"https:\/\/www.lejournalduforkane.com\/index.php\/wp-json\/wp\/v2\/posts\/23185"}],"collection":[{"href":"https:\/\/www.lejournalduforkane.com\/index.php\/wp-json\/wp\/v2\/posts"}],"about":[{"href":"https:\/\/www.lejournalduforkane.com\/index.php\/wp-json\/wp\/v2\/types\/post"}],"author":[{"embeddable":true,"href":"https:\/\/www.lejournalduforkane.com\/index.php\/wp-json\/wp\/v2\/users\/2"}],"replies":[{"embeddable":true,"href":"https:\/\/www.lejournalduforkane.com\/index.php\/wp-json\/wp\/v2\/comments?post=23185"}],"version-history":[{"count":1,"href":"https:\/\/www.lejournalduforkane.com\/index.php\/wp-json\/wp\/v2\/posts\/23185\/revisions"}],"predecessor-version":[{"id":23187,"href":"https:\/\/www.lejournalduforkane.com\/index.php\/wp-json\/wp\/v2\/posts\/23185\/revisions\/23187"}],"wp:attachment":[{"href":"https:\/\/www.lejournalduforkane.com\/index.php\/wp-json\/wp\/v2\/media?parent=23185"}],"wp:term":[{"taxonomy":"category","embeddable":true,"href":"https:\/\/www.lejournalduforkane.com\/index.php\/wp-json\/wp\/v2\/categories?post=23185"},{"taxonomy":"post_tag","embeddable":true,"href":"https:\/\/www.lejournalduforkane.com\/index.php\/wp-json\/wp\/v2\/tags?post=23185"}],"curies":[{"name":"wp","href":"https:\/\/api.w.org\/{rel}","templated":true}]}}