
{"id":23217,"date":"2019-09-23T18:02:42","date_gmt":"2019-09-23T18:02:42","guid":{"rendered":"https:\/\/www.lejournalduforkane.com\/?p=23217"},"modified":"2019-09-23T18:02:42","modified_gmt":"2019-09-23T18:02:42","slug":"video-le-yemen-menace-de-faire-voler-en-eclats-les-tours-de-verre-de-dubai-et-dabu-dhabi","status":"publish","type":"post","link":"https:\/\/www.lejournalduforkane.com\/index.php\/video-le-yemen-menace-de-faire-voler-en-eclats-les-tours-de-verre-de-dubai-et-dabu-dhabi\/","title":{"rendered":"VID\u00c9O: Le Y\u00e9men menace de faire voler en \u00e9clats les tours de verre de Duba\u00ef et d&rsquo;Abu Dhabi"},"content":{"rendered":"<p><!--more--><\/p>\n<p>Conf\u00e9rence du porte-parole des forces arm\u00e9es de la R\u00e9sistance y\u00e9m\u00e9nite, Yahya Sari&rsquo;, le 18 septembre 2019 (VOSTFR \/ sous-titres fran\u00e7ais).<\/p>\n<p><iframe loading=\"lazy\" src=\"https:\/\/player.vimeo.com\/video\/361708714\" width=\"640\" height=\"360\" frameborder=\"0\" allow=\"autoplay; fullscreen\" allowfullscreen><\/iframe><\/p>\n","protected":false},"excerpt":{"rendered":"Conf\u00e9rence du porte-parole des forces arm\u00e9es de la R\u00e9sistance y\u00e9m\u00e9nite, Yahya Sari', le 18 septembre 2019 (VOSTFR \/ sous-titres fran\u00e7ais).","protected":false},"author":2,"featured_media":0,"comment_status":"closed","ping_status":"open","sticky":false,"template":"","format":"standard","meta":[],"categories":[],"tags":[],"_links":{"self":[{"href":"https:\/\/www.lejournalduforkane.com\/index.php\/wp-json\/wp\/v2\/posts\/23217"}],"collection":[{"href":"https:\/\/www.lejournalduforkane.com\/index.php\/wp-json\/wp\/v2\/posts"}],"about":[{"href":"https:\/\/www.lejournalduforkane.com\/index.php\/wp-json\/wp\/v2\/types\/post"}],"author":[{"embeddable":true,"href":"https:\/\/www.lejournalduforkane.com\/index.php\/wp-json\/wp\/v2\/users\/2"}],"replies":[{"embeddable":true,"href":"https:\/\/www.lejournalduforkane.com\/index.php\/wp-json\/wp\/v2\/comments?post=23217"}],"version-history":[{"count":1,"href":"https:\/\/www.lejournalduforkane.com\/index.php\/wp-json\/wp\/v2\/posts\/23217\/revisions"}],"predecessor-version":[{"id":23219,"href":"https:\/\/www.lejournalduforkane.com\/index.php\/wp-json\/wp\/v2\/posts\/23217\/revisions\/23219"}],"wp:attachment":[{"href":"https:\/\/www.lejournalduforkane.com\/index.php\/wp-json\/wp\/v2\/media?parent=23217"}],"wp:term":[{"taxonomy":"category","embeddable":true,"href":"https:\/\/www.lejournalduforkane.com\/index.php\/wp-json\/wp\/v2\/categories?post=23217"},{"taxonomy":"post_tag","embeddable":true,"href":"https:\/\/www.lejournalduforkane.com\/index.php\/wp-json\/wp\/v2\/tags?post=23217"}],"curies":[{"name":"wp","href":"https:\/\/api.w.org\/{rel}","templated":true}]}}