
{"id":23226,"date":"2019-09-25T17:59:31","date_gmt":"2019-09-25T17:59:31","guid":{"rendered":"https:\/\/www.lejournalduforkane.com\/?p=23226"},"modified":"2019-09-25T17:59:31","modified_gmt":"2019-09-25T17:59:31","slug":"hassan-rohani-sadresse-a-lassemblee-generale-de-lonu","status":"publish","type":"post","link":"https:\/\/www.lejournalduforkane.com\/index.php\/hassan-rohani-sadresse-a-lassemblee-generale-de-lonu\/","title":{"rendered":"Hassan Rohani s\u2019adresse \u00e0 l&rsquo;Assembl\u00e9e g\u00e9n\u00e9rale de l\u2019ONU"},"content":{"rendered":"<p><!--more--><\/p>\n<p style=\"text-align: justify;\">Hassan Rohani s\u2019adresse \u00e0 l&rsquo;Assembl\u00e9e g\u00e9n\u00e9rale de l\u2019ONU<br \/>\nEcoutez le discours (traduit en fran\u00e7ais) du Pr\u00e9sident Rohani \u00e0 la tribune de l&rsquo;Assembl\u00e9e g\u00e9n\u00e9rale de l&rsquo;ONU.<\/p>\n<p><iframe loading=\"lazy\" src=\"https:\/\/www.youtube.com\/embed\/JlpQqLyz0IM\" width=\"560\" height=\"315\" frameborder=\"0\" allowfullscreen=\"allowfullscreen\"><\/iframe><\/p>\n<p><img loading=\"lazy\" class=\"alignnone size-full wp-image-23227\" src=\"https:\/\/www.lejournalduforkane.com\/wp-content\/uploads\/2019\/09\/rohani.jpg\" alt=\"rohani\" width=\"771\" height=\"336\" srcset=\"https:\/\/www.lejournalduforkane.com\/wp-content\/uploads\/2019\/09\/rohani.jpg 771w, https:\/\/www.lejournalduforkane.com\/wp-content\/uploads\/2019\/09\/rohani-300x131.jpg 300w, https:\/\/www.lejournalduforkane.com\/wp-content\/uploads\/2019\/09\/rohani-768x335.jpg 768w\" sizes=\"(max-width: 771px) 100vw, 771px\" \/><\/p>\n","protected":false},"excerpt":{"rendered":"Hassan Rohani s\u2019adresse \u00e0 l'Assembl\u00e9e g\u00e9n\u00e9rale de l\u2019ONU Ecoutez le discours (traduit en fran\u00e7ais) du Pr\u00e9sident Rohani \u00e0 la tribune de l'Assembl\u00e9e g\u00e9n\u00e9rale de l'ONU.","protected":false},"author":2,"featured_media":0,"comment_status":"closed","ping_status":"open","sticky":false,"template":"","format":"standard","meta":[],"categories":[],"tags":[],"_links":{"self":[{"href":"https:\/\/www.lejournalduforkane.com\/index.php\/wp-json\/wp\/v2\/posts\/23226"}],"collection":[{"href":"https:\/\/www.lejournalduforkane.com\/index.php\/wp-json\/wp\/v2\/posts"}],"about":[{"href":"https:\/\/www.lejournalduforkane.com\/index.php\/wp-json\/wp\/v2\/types\/post"}],"author":[{"embeddable":true,"href":"https:\/\/www.lejournalduforkane.com\/index.php\/wp-json\/wp\/v2\/users\/2"}],"replies":[{"embeddable":true,"href":"https:\/\/www.lejournalduforkane.com\/index.php\/wp-json\/wp\/v2\/comments?post=23226"}],"version-history":[{"count":1,"href":"https:\/\/www.lejournalduforkane.com\/index.php\/wp-json\/wp\/v2\/posts\/23226\/revisions"}],"predecessor-version":[{"id":23228,"href":"https:\/\/www.lejournalduforkane.com\/index.php\/wp-json\/wp\/v2\/posts\/23226\/revisions\/23228"}],"wp:attachment":[{"href":"https:\/\/www.lejournalduforkane.com\/index.php\/wp-json\/wp\/v2\/media?parent=23226"}],"wp:term":[{"taxonomy":"category","embeddable":true,"href":"https:\/\/www.lejournalduforkane.com\/index.php\/wp-json\/wp\/v2\/categories?post=23226"},{"taxonomy":"post_tag","embeddable":true,"href":"https:\/\/www.lejournalduforkane.com\/index.php\/wp-json\/wp\/v2\/tags?post=23226"}],"curies":[{"name":"wp","href":"https:\/\/api.w.org\/{rel}","templated":true}]}}