
{"id":23231,"date":"2019-09-25T18:05:59","date_gmt":"2019-09-25T18:05:59","guid":{"rendered":"https:\/\/www.lejournalduforkane.com\/?p=23231"},"modified":"2019-09-25T18:05:59","modified_gmt":"2019-09-25T18:05:59","slug":"melenchon-balance-guerre-afghanistan-11-sep-bush-ben-laden-drogue-petrole","status":"publish","type":"post","link":"https:\/\/www.lejournalduforkane.com\/index.php\/melenchon-balance-guerre-afghanistan-11-sep-bush-ben-laden-drogue-petrole\/","title":{"rendered":"M\u00e9lenchon BALANCE &#8211; Guerre Afghanistan, 11 Sep Bush Ben Laden Drogue P\u00e9trole&#8230;.!!"},"content":{"rendered":"<p><!--more--><\/p>\n<p>Intervention de Jean-Luc M\u00e9lenchon le 18 septembre 2019 \u00e0 l&rsquo;Assembl\u00e9e nationale \u00e0 propos d&rsquo;un trait\u00e9 de coop\u00e9ration entre l&rsquo;Union europ\u00e9enne et l&rsquo;Afghanistan.<\/p>\n<p><iframe loading=\"lazy\" width=\"620\" height=\"405\" src=\"\/\/rutube.ru\/play\/embed\/12887500\" frameborder=\"0\" webkitAllowFullScreen mozallowfullscreen allowfullscreen><\/iframe><\/p>\n<p><img loading=\"lazy\" src=\"https:\/\/www.lejournalduforkane.com\/wp-content\/uploads\/2019\/09\/m\u00e9lanchon-balance.jpg\" alt=\"m\u00e9lanchon balance\" width=\"498\" height=\"282\" class=\"alignnone size-full wp-image-23232\" srcset=\"https:\/\/www.lejournalduforkane.com\/wp-content\/uploads\/2019\/09\/m\u00e9lanchon-balance.jpg 498w, https:\/\/www.lejournalduforkane.com\/wp-content\/uploads\/2019\/09\/m\u00e9lanchon-balance-300x170.jpg 300w\" sizes=\"(max-width: 498px) 100vw, 498px\" \/><\/p>\n","protected":false},"excerpt":{"rendered":"Intervention de Jean-Luc M\u00e9lenchon le 18 septembre 2019 \u00e0 l'Assembl\u00e9e nationale \u00e0 propos d'un trait\u00e9 de coop\u00e9ration entre l'Union europ\u00e9enne et l'Afghanistan.","protected":false},"author":2,"featured_media":0,"comment_status":"closed","ping_status":"open","sticky":false,"template":"","format":"standard","meta":[],"categories":[],"tags":[],"_links":{"self":[{"href":"https:\/\/www.lejournalduforkane.com\/index.php\/wp-json\/wp\/v2\/posts\/23231"}],"collection":[{"href":"https:\/\/www.lejournalduforkane.com\/index.php\/wp-json\/wp\/v2\/posts"}],"about":[{"href":"https:\/\/www.lejournalduforkane.com\/index.php\/wp-json\/wp\/v2\/types\/post"}],"author":[{"embeddable":true,"href":"https:\/\/www.lejournalduforkane.com\/index.php\/wp-json\/wp\/v2\/users\/2"}],"replies":[{"embeddable":true,"href":"https:\/\/www.lejournalduforkane.com\/index.php\/wp-json\/wp\/v2\/comments?post=23231"}],"version-history":[{"count":1,"href":"https:\/\/www.lejournalduforkane.com\/index.php\/wp-json\/wp\/v2\/posts\/23231\/revisions"}],"predecessor-version":[{"id":23233,"href":"https:\/\/www.lejournalduforkane.com\/index.php\/wp-json\/wp\/v2\/posts\/23231\/revisions\/23233"}],"wp:attachment":[{"href":"https:\/\/www.lejournalduforkane.com\/index.php\/wp-json\/wp\/v2\/media?parent=23231"}],"wp:term":[{"taxonomy":"category","embeddable":true,"href":"https:\/\/www.lejournalduforkane.com\/index.php\/wp-json\/wp\/v2\/categories?post=23231"},{"taxonomy":"post_tag","embeddable":true,"href":"https:\/\/www.lejournalduforkane.com\/index.php\/wp-json\/wp\/v2\/tags?post=23231"}],"curies":[{"name":"wp","href":"https:\/\/api.w.org\/{rel}","templated":true}]}}