
{"id":23258,"date":"2019-09-29T18:26:51","date_gmt":"2019-09-29T18:26:51","guid":{"rendered":"https:\/\/www.lejournalduforkane.com\/?p=23258"},"modified":"2019-09-29T18:26:51","modified_gmt":"2019-09-29T18:26:51","slug":"operation-majeure-du-yemen-a-najran-des-milliers-de-prisonniers-des-centaines-de-tues-et-des-officiers-saoudiens-captures","status":"publish","type":"post","link":"https:\/\/www.lejournalduforkane.com\/index.php\/operation-majeure-du-yemen-a-najran-des-milliers-de-prisonniers-des-centaines-de-tues-et-des-officiers-saoudiens-captures\/","title":{"rendered":"Op\u00e9ration majeure du Y\u00e9men \u00e0 Najran : des milliers de prisonniers, des centaines de tu\u00e9s et des officiers saoudiens captur\u00e9s"},"content":{"rendered":"<p><!--more--><\/p>\n<p>Conf\u00e9rence du porte-parole des forces arm\u00e9es de la R\u00e9sistance y\u00e9m\u00e9nite, Yahya Sari\u2019, le 28 septembre 2019 (VOSTFR \/ sous-titres fran\u00e7ais).<\/p>\n<p>&lt;iframe src=\u00a0\u00bbhttps:\/\/player.vimeo.com\/video\/363023059&Prime; width=\u00a0\u00bb640&Prime; height=\u00a0\u00bb360&Prime; frameborder=\u00a0\u00bb0&Prime; allow=\u00a0\u00bbautoplay; fullscreen\u00a0\u00bb allowfullscreen&gt;&lt;\/iframe&gt;<\/p>\n<p><img loading=\"lazy\" class=\"alignnone size-full wp-image-23259\" src=\"https:\/\/www.lejournalduforkane.com\/wp-content\/uploads\/2019\/09\/des-milliers-de-prisonniers-des-centaines-de-tu\u00e9s-et-des-officiers-saoudiens-captur.png\" alt=\"des milliers de prisonniers, des centaines de tu\u00e9s et des officiers saoudiens captur\" width=\"476\" height=\"248\" srcset=\"https:\/\/www.lejournalduforkane.com\/wp-content\/uploads\/2019\/09\/des-milliers-de-prisonniers-des-centaines-de-tu\u00e9s-et-des-officiers-saoudiens-captur.png 476w, https:\/\/www.lejournalduforkane.com\/wp-content\/uploads\/2019\/09\/des-milliers-de-prisonniers-des-centaines-de-tu\u00e9s-et-des-officiers-saoudiens-captur-300x156.png 300w\" sizes=\"(max-width: 476px) 100vw, 476px\" \/><\/p>\n","protected":false},"excerpt":{"rendered":"Conf\u00e9rence du porte-parole des forces arm\u00e9es de la R\u00e9sistance y\u00e9m\u00e9nite, Yahya Sari\u2019, le 28 septembre 2019 (VOSTFR \/ sous-titres fran\u00e7ais). &lt;iframe src=\"https:\/\/player.vimeo.com\/video\/363023059\" width=\"640\" height=\"360\" frameborder=\"0\" allow=\"autoplay; fullscreen\" allowfullscreen&gt;&lt;\/iframe&gt;","protected":false},"author":2,"featured_media":0,"comment_status":"closed","ping_status":"open","sticky":false,"template":"","format":"standard","meta":[],"categories":[],"tags":[],"_links":{"self":[{"href":"https:\/\/www.lejournalduforkane.com\/index.php\/wp-json\/wp\/v2\/posts\/23258"}],"collection":[{"href":"https:\/\/www.lejournalduforkane.com\/index.php\/wp-json\/wp\/v2\/posts"}],"about":[{"href":"https:\/\/www.lejournalduforkane.com\/index.php\/wp-json\/wp\/v2\/types\/post"}],"author":[{"embeddable":true,"href":"https:\/\/www.lejournalduforkane.com\/index.php\/wp-json\/wp\/v2\/users\/2"}],"replies":[{"embeddable":true,"href":"https:\/\/www.lejournalduforkane.com\/index.php\/wp-json\/wp\/v2\/comments?post=23258"}],"version-history":[{"count":1,"href":"https:\/\/www.lejournalduforkane.com\/index.php\/wp-json\/wp\/v2\/posts\/23258\/revisions"}],"predecessor-version":[{"id":23260,"href":"https:\/\/www.lejournalduforkane.com\/index.php\/wp-json\/wp\/v2\/posts\/23258\/revisions\/23260"}],"wp:attachment":[{"href":"https:\/\/www.lejournalduforkane.com\/index.php\/wp-json\/wp\/v2\/media?parent=23258"}],"wp:term":[{"taxonomy":"category","embeddable":true,"href":"https:\/\/www.lejournalduforkane.com\/index.php\/wp-json\/wp\/v2\/categories?post=23258"},{"taxonomy":"post_tag","embeddable":true,"href":"https:\/\/www.lejournalduforkane.com\/index.php\/wp-json\/wp\/v2\/tags?post=23258"}],"curies":[{"name":"wp","href":"https:\/\/api.w.org\/{rel}","templated":true}]}}