
{"id":23268,"date":"2019-09-30T18:22:07","date_gmt":"2019-09-30T18:22:07","guid":{"rendered":"https:\/\/www.lejournalduforkane.com\/?p=23268"},"modified":"2019-09-30T18:22:07","modified_gmt":"2019-09-30T18:22:07","slug":"video-apres-le-grand-ansarullah-loperation-victoire-de-dieu","status":"publish","type":"post","link":"https:\/\/www.lejournalduforkane.com\/index.php\/video-apres-le-grand-ansarullah-loperation-victoire-de-dieu\/","title":{"rendered":"Vid\u00e9o | Apr\u00e8s le Grand \u00a0\u00bb Ansarullah \u00a0\u00bb l&rsquo;op\u00e9ration \u00a0\u00bb Victoire de Dieu \u00ab\u00a0"},"content":{"rendered":"<p><!--more--><\/p>\n<p>3 brigades enti\u00e8res des forces ennemies saoudiennes ont \u00e9t\u00e9 captur\u00e9es dans l&rsquo;attaque.<\/p>\n<p><iframe loading=\"lazy\" src=\"\/\/rutube.ru\/play\/embed\/12893307\" width=\"620\" height=\"405\" frameborder=\"0\" allowfullscreen=\"allowfullscreen\"><\/iframe><\/p>\n<p>&nbsp;<\/p>\n<p><img loading=\"lazy\" class=\"alignnone size-full wp-image-23269\" src=\"https:\/\/www.lejournalduforkane.com\/wp-content\/uploads\/2019\/09\/Apr\u00e8s-le-Grand-Ansarullah-lop\u00e9ration-Victoire-de-Dieu.jpg\" alt=\"Apr\u00e8s le Grand Ansarullah l'op\u00e9ration Victoire de Dieu\" width=\"405\" height=\"221\" srcset=\"https:\/\/www.lejournalduforkane.com\/wp-content\/uploads\/2019\/09\/Apr\u00e8s-le-Grand-Ansarullah-lop\u00e9ration-Victoire-de-Dieu.jpg 405w, https:\/\/www.lejournalduforkane.com\/wp-content\/uploads\/2019\/09\/Apr\u00e8s-le-Grand-Ansarullah-lop\u00e9ration-Victoire-de-Dieu-300x164.jpg 300w\" sizes=\"(max-width: 405px) 100vw, 405px\" \/><\/p>\n","protected":false},"excerpt":{"rendered":"3 brigades enti\u00e8res des forces ennemies saoudiennes ont \u00e9t\u00e9 captur\u00e9es dans l'attaque. &nbsp;","protected":false},"author":2,"featured_media":0,"comment_status":"closed","ping_status":"open","sticky":false,"template":"","format":"standard","meta":[],"categories":[],"tags":[],"_links":{"self":[{"href":"https:\/\/www.lejournalduforkane.com\/index.php\/wp-json\/wp\/v2\/posts\/23268"}],"collection":[{"href":"https:\/\/www.lejournalduforkane.com\/index.php\/wp-json\/wp\/v2\/posts"}],"about":[{"href":"https:\/\/www.lejournalduforkane.com\/index.php\/wp-json\/wp\/v2\/types\/post"}],"author":[{"embeddable":true,"href":"https:\/\/www.lejournalduforkane.com\/index.php\/wp-json\/wp\/v2\/users\/2"}],"replies":[{"embeddable":true,"href":"https:\/\/www.lejournalduforkane.com\/index.php\/wp-json\/wp\/v2\/comments?post=23268"}],"version-history":[{"count":1,"href":"https:\/\/www.lejournalduforkane.com\/index.php\/wp-json\/wp\/v2\/posts\/23268\/revisions"}],"predecessor-version":[{"id":23270,"href":"https:\/\/www.lejournalduforkane.com\/index.php\/wp-json\/wp\/v2\/posts\/23268\/revisions\/23270"}],"wp:attachment":[{"href":"https:\/\/www.lejournalduforkane.com\/index.php\/wp-json\/wp\/v2\/media?parent=23268"}],"wp:term":[{"taxonomy":"category","embeddable":true,"href":"https:\/\/www.lejournalduforkane.com\/index.php\/wp-json\/wp\/v2\/categories?post=23268"},{"taxonomy":"post_tag","embeddable":true,"href":"https:\/\/www.lejournalduforkane.com\/index.php\/wp-json\/wp\/v2\/tags?post=23268"}],"curies":[{"name":"wp","href":"https:\/\/api.w.org\/{rel}","templated":true}]}}