
{"id":23300,"date":"2019-10-07T18:11:38","date_gmt":"2019-10-07T18:11:38","guid":{"rendered":"https:\/\/www.lejournalduforkane.com\/?p=23300"},"modified":"2019-10-07T18:11:38","modified_gmt":"2019-10-07T18:11:38","slug":"les-tireurs-delite-de-larmee-yemenite-ont-abattu-des-dizaines-de-soldats-et-mercenaires-saoudien","status":"publish","type":"post","link":"https:\/\/www.lejournalduforkane.com\/index.php\/les-tireurs-delite-de-larmee-yemenite-ont-abattu-des-dizaines-de-soldats-et-mercenaires-saoudien\/","title":{"rendered":"Les tireurs d&rsquo;\u00e9lite de l&rsquo;arm\u00e9e y\u00e9m\u00e9nite ont abattu des dizaines de soldats et mercenaires saoudien"},"content":{"rendered":"<p><!--more--><\/p>\n<p>Les tireurs d&rsquo;\u00e9lite de l&rsquo;arm\u00e9e y\u00e9m\u00e9nite ont abattu des dizaines de soldats et mercenaires saoudiens lors d\u2019une op\u00e9ration dans le nord de Saada.<\/p>\n<p>Pour Al-Mahdi, le Y\u00e9men est le peuple de Dieu, croyant et sage, qui conna\u00eet les sacrifices de la libert\u00e9.<\/p>\n<p><iframe loading=\"lazy\" width=\"620\" height=\"405\" src=\"\/\/rutube.ru\/play\/embed\/12909181\" frameborder=\"0\" webkitAllowFullScreen mozallowfullscreen allowfullscreen><\/iframe><\/p>\n<p><img loading=\"lazy\" src=\"https:\/\/www.lejournalduforkane.com\/wp-content\/uploads\/2019\/10\/sniper-y\u00e9m\u00e9nite.jpg\" alt=\"sniper y\u00e9m\u00e9nite\" width=\"820\" height=\"366\" class=\"alignnone size-full wp-image-23301\" srcset=\"https:\/\/www.lejournalduforkane.com\/wp-content\/uploads\/2019\/10\/sniper-y\u00e9m\u00e9nite.jpg 820w, https:\/\/www.lejournalduforkane.com\/wp-content\/uploads\/2019\/10\/sniper-y\u00e9m\u00e9nite-300x134.jpg 300w, https:\/\/www.lejournalduforkane.com\/wp-content\/uploads\/2019\/10\/sniper-y\u00e9m\u00e9nite-768x343.jpg 768w\" sizes=\"(max-width: 820px) 100vw, 820px\" \/><\/p>\n","protected":false},"excerpt":{"rendered":"Les tireurs d'\u00e9lite de l'arm\u00e9e y\u00e9m\u00e9nite ont abattu des dizaines de soldats et mercenaires saoudiens lors d\u2019une op\u00e9ration dans le nord de Saada. Pour Al-Mahdi, le Y\u00e9men est le peuple","protected":false},"author":2,"featured_media":0,"comment_status":"closed","ping_status":"open","sticky":false,"template":"","format":"standard","meta":[],"categories":[],"tags":[],"_links":{"self":[{"href":"https:\/\/www.lejournalduforkane.com\/index.php\/wp-json\/wp\/v2\/posts\/23300"}],"collection":[{"href":"https:\/\/www.lejournalduforkane.com\/index.php\/wp-json\/wp\/v2\/posts"}],"about":[{"href":"https:\/\/www.lejournalduforkane.com\/index.php\/wp-json\/wp\/v2\/types\/post"}],"author":[{"embeddable":true,"href":"https:\/\/www.lejournalduforkane.com\/index.php\/wp-json\/wp\/v2\/users\/2"}],"replies":[{"embeddable":true,"href":"https:\/\/www.lejournalduforkane.com\/index.php\/wp-json\/wp\/v2\/comments?post=23300"}],"version-history":[{"count":1,"href":"https:\/\/www.lejournalduforkane.com\/index.php\/wp-json\/wp\/v2\/posts\/23300\/revisions"}],"predecessor-version":[{"id":23302,"href":"https:\/\/www.lejournalduforkane.com\/index.php\/wp-json\/wp\/v2\/posts\/23300\/revisions\/23302"}],"wp:attachment":[{"href":"https:\/\/www.lejournalduforkane.com\/index.php\/wp-json\/wp\/v2\/media?parent=23300"}],"wp:term":[{"taxonomy":"category","embeddable":true,"href":"https:\/\/www.lejournalduforkane.com\/index.php\/wp-json\/wp\/v2\/categories?post=23300"},{"taxonomy":"post_tag","embeddable":true,"href":"https:\/\/www.lejournalduforkane.com\/index.php\/wp-json\/wp\/v2\/tags?post=23300"}],"curies":[{"name":"wp","href":"https:\/\/api.w.org\/{rel}","templated":true}]}}