
{"id":23308,"date":"2019-10-09T18:16:52","date_gmt":"2019-10-09T18:16:52","guid":{"rendered":"https:\/\/www.lejournalduforkane.com\/?p=23308"},"modified":"2019-10-09T18:16:52","modified_gmt":"2019-10-09T18:16:52","slug":"video-un-brave-combattant-de-yemenite-arme-dun-fusil-capture-un-vehicule-militaire-saoudien","status":"publish","type":"post","link":"https:\/\/www.lejournalduforkane.com\/index.php\/video-un-brave-combattant-de-yemenite-arme-dun-fusil-capture-un-vehicule-militaire-saoudien\/","title":{"rendered":"VID\u00c9O : Un brave combattant de y\u00e9m\u00e9nite arm\u00e9 d&rsquo;un fusil capture un v\u00e9hicule militaire saoudien"},"content":{"rendered":"<p><!--more--><\/p>\n<p>Un combattant Houthi (Ansarallah) arm\u00e9 d&rsquo;un fusil Kalachnikov a captur\u00e9 un v\u00e9hicule militaire saoudien au cours d&rsquo;une op\u00e9ration cette semaine.<\/p>\n<p>La vid\u00e9o, qui a \u00e9t\u00e9 publi\u00e9e par l&rsquo;aile officielle des m\u00e9dias des forces Houthies, montre le combattant confront\u00e9 au v\u00e9hicule militaire saoudien et capturant finalement le conducteur du char.<\/p>\n<p><iframe loading=\"lazy\" width=\"720\" height=\"405\" src=\"\/\/rutube.ru\/play\/embed\/12911570\" frameborder=\"0\" webkitAllowFullScreen mozallowfullscreen allowfullscreen><\/iframe><\/p>\n<p><img loading=\"lazy\" src=\"https:\/\/www.lejournalduforkane.com\/wp-content\/uploads\/2019\/10\/Un-brave-combattant-de-y\u00e9m\u00e9nite-arm\u00e9-dun-fusil-capture-un-v\u00e9hicule-militaire-saoudien.jpg\" alt=\"Un brave combattant de y\u00e9m\u00e9nite arm\u00e9 d&#039;un fusil capture un v\u00e9hicule militaire saoudien\" width=\"505\" height=\"282\" class=\"alignnone size-full wp-image-23309\" srcset=\"https:\/\/www.lejournalduforkane.com\/wp-content\/uploads\/2019\/10\/Un-brave-combattant-de-y\u00e9m\u00e9nite-arm\u00e9-dun-fusil-capture-un-v\u00e9hicule-militaire-saoudien.jpg 505w, https:\/\/www.lejournalduforkane.com\/wp-content\/uploads\/2019\/10\/Un-brave-combattant-de-y\u00e9m\u00e9nite-arm\u00e9-dun-fusil-capture-un-v\u00e9hicule-militaire-saoudien-300x168.jpg 300w\" sizes=\"(max-width: 505px) 100vw, 505px\" \/><\/p>\n","protected":false},"excerpt":{"rendered":"Un combattant Houthi (Ansarallah) arm\u00e9 d'un fusil Kalachnikov a captur\u00e9 un v\u00e9hicule militaire saoudien au cours d'une op\u00e9ration cette semaine. La vid\u00e9o, qui a \u00e9t\u00e9 publi\u00e9e par l'aile officielle des","protected":false},"author":2,"featured_media":0,"comment_status":"closed","ping_status":"open","sticky":false,"template":"","format":"standard","meta":[],"categories":[],"tags":[],"_links":{"self":[{"href":"https:\/\/www.lejournalduforkane.com\/index.php\/wp-json\/wp\/v2\/posts\/23308"}],"collection":[{"href":"https:\/\/www.lejournalduforkane.com\/index.php\/wp-json\/wp\/v2\/posts"}],"about":[{"href":"https:\/\/www.lejournalduforkane.com\/index.php\/wp-json\/wp\/v2\/types\/post"}],"author":[{"embeddable":true,"href":"https:\/\/www.lejournalduforkane.com\/index.php\/wp-json\/wp\/v2\/users\/2"}],"replies":[{"embeddable":true,"href":"https:\/\/www.lejournalduforkane.com\/index.php\/wp-json\/wp\/v2\/comments?post=23308"}],"version-history":[{"count":1,"href":"https:\/\/www.lejournalduforkane.com\/index.php\/wp-json\/wp\/v2\/posts\/23308\/revisions"}],"predecessor-version":[{"id":23310,"href":"https:\/\/www.lejournalduforkane.com\/index.php\/wp-json\/wp\/v2\/posts\/23308\/revisions\/23310"}],"wp:attachment":[{"href":"https:\/\/www.lejournalduforkane.com\/index.php\/wp-json\/wp\/v2\/media?parent=23308"}],"wp:term":[{"taxonomy":"category","embeddable":true,"href":"https:\/\/www.lejournalduforkane.com\/index.php\/wp-json\/wp\/v2\/categories?post=23308"},{"taxonomy":"post_tag","embeddable":true,"href":"https:\/\/www.lejournalduforkane.com\/index.php\/wp-json\/wp\/v2\/tags?post=23308"}],"curies":[{"name":"wp","href":"https:\/\/api.w.org\/{rel}","templated":true}]}}