
{"id":23352,"date":"2019-10-24T18:58:08","date_gmt":"2019-10-24T18:58:08","guid":{"rendered":"https:\/\/www.lejournalduforkane.com\/?p=23352"},"modified":"2019-10-27T19:01:50","modified_gmt":"2019-10-27T19:01:50","slug":"video-un-convoi-massif-de-larmee-syrienne-se-dirige-vers-al-raqqa","status":"publish","type":"post","link":"https:\/\/www.lejournalduforkane.com\/index.php\/video-un-convoi-massif-de-larmee-syrienne-se-dirige-vers-al-raqqa\/","title":{"rendered":"VID\u00c9O : Un convoi massif de l&rsquo;Arm\u00e9e Syrienne se dirige vers Al-Raqqa"},"content":{"rendered":"<p><!--more--><\/p>\n<p>Un convoi massif de l&rsquo;Arm\u00e9e Arabe Syrienne a \u00e9t\u00e9 aper\u00e7u en direction du gouvernorat d&rsquo;Al-Raqqa cette semaine alors qu&rsquo;il remplissait son accord de coop\u00e9ration militaire avec les Forces d\u00e9mocratiques syriennes (FDS).<\/p>\n<p>Selon les informations re\u00e7ues, le convoi de l\u2019arm\u00e9e syrienne se dirigeait vers la ville strat\u00e9gique d\u2019Al-Tabaqa et la ville voisine d\u2019Ayn Issa.<\/p>\n<p>\u2018Ayn\u2019 Issa est une ville importante en raison de ses bases militaires et de son emplacement \u00e0 proximit\u00e9 des lignes de front de l\u2019arm\u00e9e turque dans le district de Tal Abyad.<\/p>\n<p><iframe loading=\"lazy\" width=\"560\" height=\"315\" src=\"https:\/\/www.youtube.com\/embed\/56mCq93TWa8\" frameborder=\"0\" allow=\"accelerometer; autoplay; encrypted-media; gyroscope; picture-in-picture\" allowfullscreen><\/iframe><\/p>\n<p><img loading=\"lazy\" src=\"https:\/\/www.lejournalduforkane.com\/wp-content\/uploads\/2019\/10\/Un-convoi-massif-de-lArm\u00e9e-Syrienne-se-dirige-vers-Al-Raqqa.jpg\" alt=\"Un convoi massif de l&#039;Arm\u00e9e Syrienne se dirige vers Al-Raqqa\" width=\"540\" height=\"281\" class=\"alignnone size-full wp-image-23353\" srcset=\"https:\/\/www.lejournalduforkane.com\/wp-content\/uploads\/2019\/10\/Un-convoi-massif-de-lArm\u00e9e-Syrienne-se-dirige-vers-Al-Raqqa.jpg 540w, https:\/\/www.lejournalduforkane.com\/wp-content\/uploads\/2019\/10\/Un-convoi-massif-de-lArm\u00e9e-Syrienne-se-dirige-vers-Al-Raqqa-300x156.jpg 300w\" sizes=\"(max-width: 540px) 100vw, 540px\" \/><\/p>\n","protected":false},"excerpt":{"rendered":"Un convoi massif de l'Arm\u00e9e Arabe Syrienne a \u00e9t\u00e9 aper\u00e7u en direction du gouvernorat d'Al-Raqqa cette semaine alors qu'il remplissait son accord de coop\u00e9ration militaire avec les Forces d\u00e9mocratiques syriennes","protected":false},"author":2,"featured_media":0,"comment_status":"closed","ping_status":"open","sticky":false,"template":"","format":"standard","meta":[],"categories":[],"tags":[],"_links":{"self":[{"href":"https:\/\/www.lejournalduforkane.com\/index.php\/wp-json\/wp\/v2\/posts\/23352"}],"collection":[{"href":"https:\/\/www.lejournalduforkane.com\/index.php\/wp-json\/wp\/v2\/posts"}],"about":[{"href":"https:\/\/www.lejournalduforkane.com\/index.php\/wp-json\/wp\/v2\/types\/post"}],"author":[{"embeddable":true,"href":"https:\/\/www.lejournalduforkane.com\/index.php\/wp-json\/wp\/v2\/users\/2"}],"replies":[{"embeddable":true,"href":"https:\/\/www.lejournalduforkane.com\/index.php\/wp-json\/wp\/v2\/comments?post=23352"}],"version-history":[{"count":1,"href":"https:\/\/www.lejournalduforkane.com\/index.php\/wp-json\/wp\/v2\/posts\/23352\/revisions"}],"predecessor-version":[{"id":23354,"href":"https:\/\/www.lejournalduforkane.com\/index.php\/wp-json\/wp\/v2\/posts\/23352\/revisions\/23354"}],"wp:attachment":[{"href":"https:\/\/www.lejournalduforkane.com\/index.php\/wp-json\/wp\/v2\/media?parent=23352"}],"wp:term":[{"taxonomy":"category","embeddable":true,"href":"https:\/\/www.lejournalduforkane.com\/index.php\/wp-json\/wp\/v2\/categories?post=23352"},{"taxonomy":"post_tag","embeddable":true,"href":"https:\/\/www.lejournalduforkane.com\/index.php\/wp-json\/wp\/v2\/tags?post=23352"}],"curies":[{"name":"wp","href":"https:\/\/api.w.org\/{rel}","templated":true}]}}