
{"id":23355,"date":"2019-10-24T19:03:51","date_gmt":"2019-10-24T19:03:51","guid":{"rendered":"https:\/\/www.lejournalduforkane.com\/?p=23355"},"modified":"2019-10-27T19:04:19","modified_gmt":"2019-10-27T19:04:19","slug":"video-les-militaires-de-larmee-syrienne-debarquent-pour-la-1ere-fois-a-laeroport-strategique-de-tabaqa","status":"publish","type":"post","link":"https:\/\/www.lejournalduforkane.com\/index.php\/video-les-militaires-de-larmee-syrienne-debarquent-pour-la-1ere-fois-a-laeroport-strategique-de-tabaqa\/","title":{"rendered":"VID\u00c9O : Les militaires de l&rsquo;Arm\u00e9e Syrienne d\u00e9barquent pour la 1\u00e8re fois \u00e0 l&rsquo;a\u00e9roport strat\u00e9gique de Tabaqa"},"content":{"rendered":"<p style=\"text-align: justify;\"><!--more--><\/p>\n<p style=\"text-align: justify;\">Mardi, une source de l&rsquo;Arm\u00e9e Arabe Syrienne a d\u00e9clar\u00e9\u00a0a d\u00e9clar\u00e9e que l&rsquo;arm\u00e9e russe avait commenc\u00e9 \u00e0 d\u00e9ployer ses avions sur l&rsquo;a\u00e9roport de Tabaqa, dans le gouvernorat d&rsquo;Al-Raqqa.<img loading=\"lazy\" class=\" wp-image-23356 alignright\" src=\"https:\/\/www.lejournalduforkane.com\/wp-content\/uploads\/2019\/10\/Les-militaires-de-lArm\u00e9e-Syrienne-d\u00e9barquent-pour-la-1\u00e8re-fois-\u00e0-la\u00e9roport-strat\u00e9gique-de-Tabaqa.jpg\" alt=\"Les militaires de l'Arm\u00e9e Syrienne d\u00e9barquent pour la 1\u00e8re fois \u00e0 l'a\u00e9roport strat\u00e9gique de Tabaqa\" width=\"264\" height=\"138\" srcset=\"https:\/\/www.lejournalduforkane.com\/wp-content\/uploads\/2019\/10\/Les-militaires-de-lArm\u00e9e-Syrienne-d\u00e9barquent-pour-la-1\u00e8re-fois-\u00e0-la\u00e9roport-strat\u00e9gique-de-Tabaqa.jpg 540w, https:\/\/www.lejournalduforkane.com\/wp-content\/uploads\/2019\/10\/Les-militaires-de-lArm\u00e9e-Syrienne-d\u00e9barquent-pour-la-1\u00e8re-fois-\u00e0-la\u00e9roport-strat\u00e9gique-de-Tabaqa-300x157.jpg 300w\" sizes=\"(max-width: 264px) 100vw, 264px\" \/><\/p>\n<p style=\"text-align: justify;\">Selon la source militaire, l&rsquo;arm\u00e9e de l&rsquo;air russe aurait d\u00e9ploy\u00e9 ses h\u00e9licopt\u00e8res vers l&rsquo;a\u00e9roport de Tabaqa dans le cadre de son expansion au nord du gouvernorat d&rsquo;Al-Raqqa.<\/p>\n<p style=\"text-align: justify;\">En outre, la source a indiqu\u00e9 que l&rsquo;arm\u00e9e russe prendrait le contr\u00f4le de l&rsquo;a\u00e9roport de Tabaqa apr\u00e8s la reconstruction des a\u00e9rodromes et des casernes d\u00e9truits pendant le r\u00e8gne de l&rsquo;\u00c9tat islamique sur cette r\u00e9gion d&rsquo;Al-Raqqa.<\/p>\n<p style=\"text-align: justify;\">Comme le montre la vid\u00e9o ci-dessous, des avions militaires ont d\u00e9j\u00e0 commenc\u00e9 \u00e0 atterrir \u00e0 l&rsquo;a\u00e9roport de Tabaqa, tandis que des renforts des forces arm\u00e9es russes et syriennes affluent dans les r\u00e9gions des gouvernorats voisins de Homs et d&rsquo;Alep.<\/p>\n<p style=\"text-align: justify;\"><iframe loading=\"lazy\" src=\"https:\/\/www.youtube.com\/embed\/K8W0InaPFy8\" width=\"560\" height=\"315\" frameborder=\"0\" allowfullscreen=\"allowfullscreen\"><\/iframe><\/p>\n","protected":false},"excerpt":{"rendered":"Mardi, une source de l'Arm\u00e9e Arabe Syrienne a d\u00e9clar\u00e9\u00a0a d\u00e9clar\u00e9e que l'arm\u00e9e russe avait commenc\u00e9 \u00e0 d\u00e9ployer ses avions sur l'a\u00e9roport de Tabaqa, dans le gouvernorat d'Al-Raqqa. Selon la source","protected":false},"author":2,"featured_media":0,"comment_status":"closed","ping_status":"open","sticky":false,"template":"","format":"standard","meta":[],"categories":[],"tags":[],"_links":{"self":[{"href":"https:\/\/www.lejournalduforkane.com\/index.php\/wp-json\/wp\/v2\/posts\/23355"}],"collection":[{"href":"https:\/\/www.lejournalduforkane.com\/index.php\/wp-json\/wp\/v2\/posts"}],"about":[{"href":"https:\/\/www.lejournalduforkane.com\/index.php\/wp-json\/wp\/v2\/types\/post"}],"author":[{"embeddable":true,"href":"https:\/\/www.lejournalduforkane.com\/index.php\/wp-json\/wp\/v2\/users\/2"}],"replies":[{"embeddable":true,"href":"https:\/\/www.lejournalduforkane.com\/index.php\/wp-json\/wp\/v2\/comments?post=23355"}],"version-history":[{"count":2,"href":"https:\/\/www.lejournalduforkane.com\/index.php\/wp-json\/wp\/v2\/posts\/23355\/revisions"}],"predecessor-version":[{"id":23358,"href":"https:\/\/www.lejournalduforkane.com\/index.php\/wp-json\/wp\/v2\/posts\/23355\/revisions\/23358"}],"wp:attachment":[{"href":"https:\/\/www.lejournalduforkane.com\/index.php\/wp-json\/wp\/v2\/media?parent=23355"}],"wp:term":[{"taxonomy":"category","embeddable":true,"href":"https:\/\/www.lejournalduforkane.com\/index.php\/wp-json\/wp\/v2\/categories?post=23355"},{"taxonomy":"post_tag","embeddable":true,"href":"https:\/\/www.lejournalduforkane.com\/index.php\/wp-json\/wp\/v2\/tags?post=23355"}],"curies":[{"name":"wp","href":"https:\/\/api.w.org\/{rel}","templated":true}]}}