
{"id":23359,"date":"2019-10-26T19:05:15","date_gmt":"2019-10-26T19:05:15","guid":{"rendered":"https:\/\/www.lejournalduforkane.com\/?p=23359"},"modified":"2019-10-27T19:07:40","modified_gmt":"2019-10-27T19:07:40","slug":"les-forces-dansarallah-lancent-une-offensive-a-grande-echelle-dans-le-nord-du-yemen-et-semparent-de-40-sites","status":"publish","type":"post","link":"https:\/\/www.lejournalduforkane.com\/index.php\/les-forces-dansarallah-lancent-une-offensive-a-grande-echelle-dans-le-nord-du-yemen-et-semparent-de-40-sites\/","title":{"rendered":"Les forces d&rsquo;Ansarallah lancent une offensive \u00e0 grande \u00e9chelle dans le nord du Y\u00e9men et s&#8217;emparent de 40 sites"},"content":{"rendered":"<p style=\"text-align: justify;\"><!--more--><\/p>\n<p style=\"text-align: justify;\">Les forces d&rsquo;Ansarallah lancent une offensive \u00e0 grande \u00e9chelle dans le nord du Y\u00e9men et s&#8217;emparent de 40 sites<\/p>\n<p style=\"text-align: justify;\">Les forces Ansarallah ont lanc\u00e9 cette semaine une offensive \u00e0 grande \u00e9chelle dans le nord du Y\u00e9men, visant le district d&rsquo;Al-Zaher, situ\u00e9 au sud-ouest d&rsquo;Al-Sa\u2019ada.\u00a0<img loading=\"lazy\" class=\"wp-image-23360 alignright\" src=\"https:\/\/www.lejournalduforkane.com\/wp-content\/uploads\/2019\/10\/Les-forces-dAnsarallah-lancent-une-offensive-\u00e0-grande-\u00e9chelle-dans-le-nord-du-Y\u00e9men-et-semparent-de-40-sites.jpg\" alt=\"Les forces d'Ansarallah lancent une offensive \u00e0 grande \u00e9chelle dans le nord du Y\u00e9men et s'emparent de 40 sites\" width=\"279\" height=\"145\" srcset=\"https:\/\/www.lejournalduforkane.com\/wp-content\/uploads\/2019\/10\/Les-forces-dAnsarallah-lancent-une-offensive-\u00e0-grande-\u00e9chelle-dans-le-nord-du-Y\u00e9men-et-semparent-de-40-sites.jpg 780w, https:\/\/www.lejournalduforkane.com\/wp-content\/uploads\/2019\/10\/Les-forces-dAnsarallah-lancent-une-offensive-\u00e0-grande-\u00e9chelle-dans-le-nord-du-Y\u00e9men-et-semparent-de-40-sites-300x156.jpg 300w, https:\/\/www.lejournalduforkane.com\/wp-content\/uploads\/2019\/10\/Les-forces-dAnsarallah-lancent-une-offensive-\u00e0-grande-\u00e9chelle-dans-le-nord-du-Y\u00e9men-et-semparent-de-40-sites-768x399.jpg 768w\" sizes=\"(max-width: 279px) 100vw, 279px\" \/><\/p>\n<p style=\"text-align: justify;\">Les forces Ansarallah ont pris d&rsquo;assaut les d\u00e9fenses de l&rsquo;arm\u00e9e y\u00e9m\u00e9nite pro-gouvernementale et des troupes de la coalition dirig\u00e9e par l&rsquo;Arabie saoudite afin de s&#8217;emparer de la r\u00e9gion d&rsquo;Al-Malahez \u00e0 Al-Sa&rsquo;<span class=\"text_exposed_show\">ada.<\/span><\/p>\n<div class=\"text_exposed_show\">\n<p style=\"text-align: justify;\">Selon certaines informations, les forces Ansarallah ont r\u00e9ussi \u00e0 prendre le contr\u00f4le de la route reliant les r\u00e9gions de Mazraq et d&rsquo;Al-Malahez apr\u00e8s une bataille acharn\u00e9e contre les troupes pro-gouvernementales.<\/p>\n<p style=\"text-align: justify;\">Selon les reportages, les forces Ansarallah auraient captur\u00e9 environ 40 sites sur le front Al-Malahez, leur permettant ainsi de reprendre l&rsquo;initiative dans cette partie du gouvernorat d&rsquo;Al-Sa\u2019ada.<\/p>\n<p style=\"text-align: justify;\">Ces rapports ajouteraient que les affrontements ont entra\u00een\u00e9 de nombreux morts et bless\u00e9s pour les forces pro-gouvernementales, car ils ont \u00e9t\u00e9 submerg\u00e9s par les troupes d&rsquo;Ansarallah sur ce front du nord du Y\u00e9men.<\/p>\n<\/div>\n","protected":false},"excerpt":{"rendered":"Les forces d'Ansarallah lancent une offensive \u00e0 grande \u00e9chelle dans le nord du Y\u00e9men et s'emparent de 40 sites Les forces Ansarallah ont lanc\u00e9 cette semaine une offensive \u00e0 grande","protected":false},"author":2,"featured_media":0,"comment_status":"closed","ping_status":"open","sticky":false,"template":"","format":"standard","meta":[],"categories":[],"tags":[],"_links":{"self":[{"href":"https:\/\/www.lejournalduforkane.com\/index.php\/wp-json\/wp\/v2\/posts\/23359"}],"collection":[{"href":"https:\/\/www.lejournalduforkane.com\/index.php\/wp-json\/wp\/v2\/posts"}],"about":[{"href":"https:\/\/www.lejournalduforkane.com\/index.php\/wp-json\/wp\/v2\/types\/post"}],"author":[{"embeddable":true,"href":"https:\/\/www.lejournalduforkane.com\/index.php\/wp-json\/wp\/v2\/users\/2"}],"replies":[{"embeddable":true,"href":"https:\/\/www.lejournalduforkane.com\/index.php\/wp-json\/wp\/v2\/comments?post=23359"}],"version-history":[{"count":2,"href":"https:\/\/www.lejournalduforkane.com\/index.php\/wp-json\/wp\/v2\/posts\/23359\/revisions"}],"predecessor-version":[{"id":23362,"href":"https:\/\/www.lejournalduforkane.com\/index.php\/wp-json\/wp\/v2\/posts\/23359\/revisions\/23362"}],"wp:attachment":[{"href":"https:\/\/www.lejournalduforkane.com\/index.php\/wp-json\/wp\/v2\/media?parent=23359"}],"wp:term":[{"taxonomy":"category","embeddable":true,"href":"https:\/\/www.lejournalduforkane.com\/index.php\/wp-json\/wp\/v2\/categories?post=23359"},{"taxonomy":"post_tag","embeddable":true,"href":"https:\/\/www.lejournalduforkane.com\/index.php\/wp-json\/wp\/v2\/tags?post=23359"}],"curies":[{"name":"wp","href":"https:\/\/api.w.org\/{rel}","templated":true}]}}