
{"id":23363,"date":"2019-10-26T19:08:35","date_gmt":"2019-10-26T19:08:35","guid":{"rendered":"https:\/\/www.lejournalduforkane.com\/?p=23363"},"modified":"2019-10-27T19:09:43","modified_gmt":"2019-10-27T19:09:43","slug":"video-arbain-est-devenu-un-evenement-mondial-qui-va-se-developper","status":"publish","type":"post","link":"https:\/\/www.lejournalduforkane.com\/index.php\/video-arbain-est-devenu-un-evenement-mondial-qui-va-se-developper\/","title":{"rendered":"Vid\u00e9o : Arba\u00efn est devenu un \u00e9v\u00e9nement mondial qui va se d\u00e9velopper"},"content":{"rendered":"<p><!--more--><br \/>\n<iframe loading=\"lazy\" width=\"620\" height=\"405\" src=\"\/\/rutube.ru\/play\/embed\/12939208\" frameborder=\"0\" webkitAllowFullScreen mozallowfullscreen allowfullscreen><\/iframe><\/p>\n<p><img loading=\"lazy\" src=\"https:\/\/www.lejournalduforkane.com\/wp-content\/uploads\/2019\/10\/arbain.jpg\" alt=\"arbain\" width=\"497\" height=\"282\" class=\"alignnone size-full wp-image-23364\" srcset=\"https:\/\/www.lejournalduforkane.com\/wp-content\/uploads\/2019\/10\/arbain.jpg 497w, https:\/\/www.lejournalduforkane.com\/wp-content\/uploads\/2019\/10\/arbain-300x170.jpg 300w\" sizes=\"(max-width: 497px) 100vw, 497px\" \/><\/p>\n","protected":false},"excerpt":{"rendered":"","protected":false},"author":2,"featured_media":0,"comment_status":"closed","ping_status":"open","sticky":false,"template":"","format":"standard","meta":[],"categories":[],"tags":[],"_links":{"self":[{"href":"https:\/\/www.lejournalduforkane.com\/index.php\/wp-json\/wp\/v2\/posts\/23363"}],"collection":[{"href":"https:\/\/www.lejournalduforkane.com\/index.php\/wp-json\/wp\/v2\/posts"}],"about":[{"href":"https:\/\/www.lejournalduforkane.com\/index.php\/wp-json\/wp\/v2\/types\/post"}],"author":[{"embeddable":true,"href":"https:\/\/www.lejournalduforkane.com\/index.php\/wp-json\/wp\/v2\/users\/2"}],"replies":[{"embeddable":true,"href":"https:\/\/www.lejournalduforkane.com\/index.php\/wp-json\/wp\/v2\/comments?post=23363"}],"version-history":[{"count":1,"href":"https:\/\/www.lejournalduforkane.com\/index.php\/wp-json\/wp\/v2\/posts\/23363\/revisions"}],"predecessor-version":[{"id":23365,"href":"https:\/\/www.lejournalduforkane.com\/index.php\/wp-json\/wp\/v2\/posts\/23363\/revisions\/23365"}],"wp:attachment":[{"href":"https:\/\/www.lejournalduforkane.com\/index.php\/wp-json\/wp\/v2\/media?parent=23363"}],"wp:term":[{"taxonomy":"category","embeddable":true,"href":"https:\/\/www.lejournalduforkane.com\/index.php\/wp-json\/wp\/v2\/categories?post=23363"},{"taxonomy":"post_tag","embeddable":true,"href":"https:\/\/www.lejournalduforkane.com\/index.php\/wp-json\/wp\/v2\/tags?post=23363"}],"curies":[{"name":"wp","href":"https:\/\/api.w.org\/{rel}","templated":true}]}}