
{"id":23382,"date":"2019-10-30T19:27:30","date_gmt":"2019-10-30T19:27:30","guid":{"rendered":"https:\/\/www.lejournalduforkane.com\/?p=23382"},"modified":"2019-10-30T19:27:30","modified_gmt":"2019-10-30T19:27:30","slug":"racisme-detat-comment-un-elu-de-la-republique-peut-il-tenir-des-propos-aussi-violents-a-lencontre-des-musulmans","status":"publish","type":"post","link":"https:\/\/www.lejournalduforkane.com\/index.php\/racisme-detat-comment-un-elu-de-la-republique-peut-il-tenir-des-propos-aussi-violents-a-lencontre-des-musulmans\/","title":{"rendered":"RACISME D&rsquo;\u00c9TAT &#8212; Comment un \u00e9lu de la R\u00e9publique peut-il tenir des propos aussi violents \u00e0 l&rsquo;encontre des Musulmans ?"},"content":{"rendered":"<p><!--more--><br \/>\nRACISME D&rsquo;\u00c9TAT &#8212; Comment un \u00e9lu de la R\u00e9publique peut-il tenir des propos aussi violents \u00e0 l&rsquo;encontre des Musulmans ?<\/p>\n<p>Il semblerait que le S\u00e9nateur Jean-Louis Masson ne cache plus son racisme et sa haine contre les fran\u00e7ais de confession musulmane !<\/p>\n<p><iframe loading=\"lazy\" width=\"560\" height=\"315\" src=\"https:\/\/www.youtube.com\/embed\/TIW_BzkTWE4\" frameborder=\"0\" allow=\"accelerometer; autoplay; encrypted-media; gyroscope; picture-in-picture\" allowfullscreen><\/iframe><\/p>\n<p><img loading=\"lazy\" src=\"https:\/\/www.lejournalduforkane.com\/wp-content\/uploads\/2019\/10\/racisme-d\u00e9tat.jpg\" alt=\"racisme d&#039;\u00e9tat\" width=\"476\" height=\"248\" class=\"alignnone size-full wp-image-23383\" srcset=\"https:\/\/www.lejournalduforkane.com\/wp-content\/uploads\/2019\/10\/racisme-d\u00e9tat.jpg 476w, https:\/\/www.lejournalduforkane.com\/wp-content\/uploads\/2019\/10\/racisme-d\u00e9tat-300x156.jpg 300w\" sizes=\"(max-width: 476px) 100vw, 476px\" \/><\/p>\n","protected":false},"excerpt":{"rendered":"RACISME D'\u00c9TAT -- Comment un \u00e9lu de la R\u00e9publique peut-il tenir des propos aussi violents \u00e0 l'encontre des Musulmans ? Il semblerait que le S\u00e9nateur Jean-Louis Masson ne cache plus","protected":false},"author":2,"featured_media":0,"comment_status":"closed","ping_status":"open","sticky":false,"template":"","format":"standard","meta":[],"categories":[],"tags":[],"_links":{"self":[{"href":"https:\/\/www.lejournalduforkane.com\/index.php\/wp-json\/wp\/v2\/posts\/23382"}],"collection":[{"href":"https:\/\/www.lejournalduforkane.com\/index.php\/wp-json\/wp\/v2\/posts"}],"about":[{"href":"https:\/\/www.lejournalduforkane.com\/index.php\/wp-json\/wp\/v2\/types\/post"}],"author":[{"embeddable":true,"href":"https:\/\/www.lejournalduforkane.com\/index.php\/wp-json\/wp\/v2\/users\/2"}],"replies":[{"embeddable":true,"href":"https:\/\/www.lejournalduforkane.com\/index.php\/wp-json\/wp\/v2\/comments?post=23382"}],"version-history":[{"count":1,"href":"https:\/\/www.lejournalduforkane.com\/index.php\/wp-json\/wp\/v2\/posts\/23382\/revisions"}],"predecessor-version":[{"id":23384,"href":"https:\/\/www.lejournalduforkane.com\/index.php\/wp-json\/wp\/v2\/posts\/23382\/revisions\/23384"}],"wp:attachment":[{"href":"https:\/\/www.lejournalduforkane.com\/index.php\/wp-json\/wp\/v2\/media?parent=23382"}],"wp:term":[{"taxonomy":"category","embeddable":true,"href":"https:\/\/www.lejournalduforkane.com\/index.php\/wp-json\/wp\/v2\/categories?post=23382"},{"taxonomy":"post_tag","embeddable":true,"href":"https:\/\/www.lejournalduforkane.com\/index.php\/wp-json\/wp\/v2\/tags?post=23382"}],"curies":[{"name":"wp","href":"https:\/\/api.w.org\/{rel}","templated":true}]}}