
{"id":23388,"date":"2019-10-31T18:50:08","date_gmt":"2019-10-31T18:50:08","guid":{"rendered":"https:\/\/www.lejournalduforkane.com\/?p=23388"},"modified":"2019-11-03T18:50:46","modified_gmt":"2019-11-03T18:50:46","slug":"fabien-gay-senateur-de-la-seine-saint-denis-il-y-a-une-orchestration-une-liberation-de-la-parole-islamophobe","status":"publish","type":"post","link":"https:\/\/www.lejournalduforkane.com\/index.php\/fabien-gay-senateur-de-la-seine-saint-denis-il-y-a-une-orchestration-une-liberation-de-la-parole-islamophobe\/","title":{"rendered":"Fabien Gay (s\u00e9nateur de la Seine-Saint-Denis) : \u201cIl y a une orchestration, une lib\u00e9ration de la parole islamophobe\u201d."},"content":{"rendered":"<p><!--more--><\/p>\n<p>Fabien Gay (s\u00e9nateur de la Seine-Saint-Denis) : \u201cIl y a une orchestration, une lib\u00e9ration de la parole islamophobe\u201d.<\/p>\n<p>Ce s\u00e9nateur d\u00e9nonce le climat islamophobe en France, aliment\u00e9 selon lui par les politiques et les m\u00e9dias.<\/p>\n<p><iframe loading=\"lazy\" width=\"620\" height=\"405\" src=\"\/\/rutube.ru\/play\/embed\/12948202\" frameborder=\"0\" webkitAllowFullScreen mozallowfullscreen allowfullscreen><\/iframe><\/p>\n<p><img loading=\"lazy\" src=\"https:\/\/www.lejournalduforkane.com\/wp-content\/uploads\/2019\/11\/S1NATEUR-CONTRE-LISLAMOPHOBIE.jpg\" alt=\"S1NATEUR CONTRE L&#039;ISLAMOPHOBIE\" width=\"374\" height=\"374\" class=\"alignnone size-full wp-image-23389\" srcset=\"https:\/\/www.lejournalduforkane.com\/wp-content\/uploads\/2019\/11\/S1NATEUR-CONTRE-LISLAMOPHOBIE.jpg 374w, https:\/\/www.lejournalduforkane.com\/wp-content\/uploads\/2019\/11\/S1NATEUR-CONTRE-LISLAMOPHOBIE-150x150.jpg 150w, https:\/\/www.lejournalduforkane.com\/wp-content\/uploads\/2019\/11\/S1NATEUR-CONTRE-LISLAMOPHOBIE-300x300.jpg 300w\" sizes=\"(max-width: 374px) 100vw, 374px\" \/><\/p>\n","protected":false},"excerpt":{"rendered":"Fabien Gay (s\u00e9nateur de la Seine-Saint-Denis) : \u201cIl y a une orchestration, une lib\u00e9ration de la parole islamophobe\u201d. Ce s\u00e9nateur d\u00e9nonce le climat islamophobe en France, aliment\u00e9 selon lui par","protected":false},"author":2,"featured_media":0,"comment_status":"closed","ping_status":"open","sticky":false,"template":"","format":"standard","meta":[],"categories":[],"tags":[],"_links":{"self":[{"href":"https:\/\/www.lejournalduforkane.com\/index.php\/wp-json\/wp\/v2\/posts\/23388"}],"collection":[{"href":"https:\/\/www.lejournalduforkane.com\/index.php\/wp-json\/wp\/v2\/posts"}],"about":[{"href":"https:\/\/www.lejournalduforkane.com\/index.php\/wp-json\/wp\/v2\/types\/post"}],"author":[{"embeddable":true,"href":"https:\/\/www.lejournalduforkane.com\/index.php\/wp-json\/wp\/v2\/users\/2"}],"replies":[{"embeddable":true,"href":"https:\/\/www.lejournalduforkane.com\/index.php\/wp-json\/wp\/v2\/comments?post=23388"}],"version-history":[{"count":1,"href":"https:\/\/www.lejournalduforkane.com\/index.php\/wp-json\/wp\/v2\/posts\/23388\/revisions"}],"predecessor-version":[{"id":23390,"href":"https:\/\/www.lejournalduforkane.com\/index.php\/wp-json\/wp\/v2\/posts\/23388\/revisions\/23390"}],"wp:attachment":[{"href":"https:\/\/www.lejournalduforkane.com\/index.php\/wp-json\/wp\/v2\/media?parent=23388"}],"wp:term":[{"taxonomy":"category","embeddable":true,"href":"https:\/\/www.lejournalduforkane.com\/index.php\/wp-json\/wp\/v2\/categories?post=23388"},{"taxonomy":"post_tag","embeddable":true,"href":"https:\/\/www.lejournalduforkane.com\/index.php\/wp-json\/wp\/v2\/tags?post=23388"}],"curies":[{"name":"wp","href":"https:\/\/api.w.org\/{rel}","templated":true}]}}