
{"id":23400,"date":"2019-11-03T19:01:19","date_gmt":"2019-11-03T19:01:19","guid":{"rendered":"https:\/\/www.lejournalduforkane.com\/?p=23400"},"modified":"2019-11-03T19:01:19","modified_gmt":"2019-11-03T19:01:19","slug":"bachar-al-assad-lelimination-dal-baghdadi-est-aussi-credible-quun-film-dhollywood","status":"publish","type":"post","link":"https:\/\/www.lejournalduforkane.com\/index.php\/bachar-al-assad-lelimination-dal-baghdadi-est-aussi-credible-quun-film-dhollywood\/","title":{"rendered":"Bachar al-Assad : \u00a0\u00bb l\u2019\u00e9limination d\u2019al-Baghdadi est aussi cr\u00e9dible qu\u2019un film d\u2019Hollywood \u00ab\u00a0"},"content":{"rendered":"<p><!--more--><\/p>\n<p>Interview du Pr\u00e9sident de la R\u00e9publique Arabe Syrienne Bachar al-Assad par des m\u00e9dias syriens, le 31 octobre 2019 (VOSTFR \/ sous-titres fran\u00e7ais).<\/p>\n<p><iframe loading=\"lazy\" width=\"620\" height=\"405\" src=\"\/\/rutube.ru\/play\/embed\/12948206\" frameborder=\"0\" webkitAllowFullScreen mozallowfullscreen allowfullscreen><\/iframe><\/p>\n<p><img loading=\"lazy\" src=\"https:\/\/www.lejournalduforkane.com\/wp-content\/uploads\/2019\/11\/l\u2019\u00e9limination-d\u2019al-Baghdadi-est-aussi-cr\u00e9dible-qu\u2019un-film-d\u2019Hollywood.jpg\" alt=\"l\u2019\u00e9limination d\u2019al-Baghdadi est aussi cr\u00e9dible qu\u2019un film d\u2019Hollywood\" width=\"497\" height=\"285\" class=\"alignnone size-full wp-image-23401\" srcset=\"https:\/\/www.lejournalduforkane.com\/wp-content\/uploads\/2019\/11\/l\u2019\u00e9limination-d\u2019al-Baghdadi-est-aussi-cr\u00e9dible-qu\u2019un-film-d\u2019Hollywood.jpg 497w, https:\/\/www.lejournalduforkane.com\/wp-content\/uploads\/2019\/11\/l\u2019\u00e9limination-d\u2019al-Baghdadi-est-aussi-cr\u00e9dible-qu\u2019un-film-d\u2019Hollywood-300x172.jpg 300w\" sizes=\"(max-width: 497px) 100vw, 497px\" \/><\/p>\n","protected":false},"excerpt":{"rendered":"Interview du Pr\u00e9sident de la R\u00e9publique Arabe Syrienne Bachar al-Assad par des m\u00e9dias syriens, le 31 octobre 2019 (VOSTFR \/ sous-titres fran\u00e7ais).","protected":false},"author":2,"featured_media":0,"comment_status":"closed","ping_status":"open","sticky":false,"template":"","format":"standard","meta":[],"categories":[],"tags":[],"_links":{"self":[{"href":"https:\/\/www.lejournalduforkane.com\/index.php\/wp-json\/wp\/v2\/posts\/23400"}],"collection":[{"href":"https:\/\/www.lejournalduforkane.com\/index.php\/wp-json\/wp\/v2\/posts"}],"about":[{"href":"https:\/\/www.lejournalduforkane.com\/index.php\/wp-json\/wp\/v2\/types\/post"}],"author":[{"embeddable":true,"href":"https:\/\/www.lejournalduforkane.com\/index.php\/wp-json\/wp\/v2\/users\/2"}],"replies":[{"embeddable":true,"href":"https:\/\/www.lejournalduforkane.com\/index.php\/wp-json\/wp\/v2\/comments?post=23400"}],"version-history":[{"count":1,"href":"https:\/\/www.lejournalduforkane.com\/index.php\/wp-json\/wp\/v2\/posts\/23400\/revisions"}],"predecessor-version":[{"id":23402,"href":"https:\/\/www.lejournalduforkane.com\/index.php\/wp-json\/wp\/v2\/posts\/23400\/revisions\/23402"}],"wp:attachment":[{"href":"https:\/\/www.lejournalduforkane.com\/index.php\/wp-json\/wp\/v2\/media?parent=23400"}],"wp:term":[{"taxonomy":"category","embeddable":true,"href":"https:\/\/www.lejournalduforkane.com\/index.php\/wp-json\/wp\/v2\/categories?post=23400"},{"taxonomy":"post_tag","embeddable":true,"href":"https:\/\/www.lejournalduforkane.com\/index.php\/wp-json\/wp\/v2\/tags?post=23400"}],"curies":[{"name":"wp","href":"https:\/\/api.w.org\/{rel}","templated":true}]}}