
{"id":23406,"date":"2019-11-03T14:03:15","date_gmt":"2019-11-03T14:03:15","guid":{"rendered":"https:\/\/www.lejournalduforkane.com\/?p=23406"},"modified":"2019-11-03T19:04:49","modified_gmt":"2019-11-03T19:04:49","slug":"pres-de-8-000-mercenaires-soudanais-tues-ou-blesses-des-responsables-se-retirent-du-yemen","status":"publish","type":"post","link":"https:\/\/www.lejournalduforkane.com\/index.php\/pres-de-8-000-mercenaires-soudanais-tues-ou-blesses-des-responsables-se-retirent-du-yemen\/","title":{"rendered":"Pr\u00e8s de 8 000 mercenaires soudanais tu\u00e9s ou bless\u00e9s : des responsables se retirent du Y\u00e9men"},"content":{"rendered":"<p><!--more--><\/p>\n<p>Le porte-parole de l&rsquo;arm\u00e9e y\u00e9m\u00e9nite, le g\u00e9n\u00e9ral Yehya Sarea, a annonc\u00e9 que pr\u00e8s de 8 000 mercenaires soudanais avaient \u00e9t\u00e9 tu\u00e9s ou bless\u00e9s depuis le d\u00e9but de l&rsquo;agression saoudienne contre le Y\u00e9men, ajoutant que 2 000 d&rsquo;entre eux auraient \u00e9t\u00e9 revendiqu\u00e9s au cours du mois dernier.<\/p>\n<p>Au cours de sa conf\u00e9rence de presse, le g\u00e9n\u00e9ral Sarea a pr\u00e9sent\u00e9 des t\u00e9moignages de certains des Soudanais enlev\u00e9s par les forces y\u00e9m\u00e9nites, soulignant que la participation du Soudan \u00e0 l&rsquo;agression impos\u00e9e au Y\u00e9men pour prendre des mesures correctives.<\/p>\n<p>Dans ce contexte, les m\u00e9dias ont rapport\u00e9 que les autorit\u00e9s soudanaises envisageaient de retirer 10 000 soldats au Y\u00e9men en raison des pertes croissantes qui leur avaient \u00e9t\u00e9 inflig\u00e9es dans ce pays.<\/p>\n<p><img loading=\"lazy\" src=\"https:\/\/www.lejournalduforkane.com\/wp-content\/uploads\/2019\/11\/Pr\u00e8s-de-8-000-mercenaires-soudanais-tu\u00e9s-ou-bless\u00e9s-des-responsables-se-retirent-du-Y\u00e9men.jpg\" alt=\"Pr\u00e8s de 8 000 mercenaires soudanais tu\u00e9s ou bless\u00e9s des responsables se retirent du Y\u00e9men\" width=\"780\" height=\"405\" class=\"alignnone size-full wp-image-23407\" srcset=\"https:\/\/www.lejournalduforkane.com\/wp-content\/uploads\/2019\/11\/Pr\u00e8s-de-8-000-mercenaires-soudanais-tu\u00e9s-ou-bless\u00e9s-des-responsables-se-retirent-du-Y\u00e9men.jpg 780w, https:\/\/www.lejournalduforkane.com\/wp-content\/uploads\/2019\/11\/Pr\u00e8s-de-8-000-mercenaires-soudanais-tu\u00e9s-ou-bless\u00e9s-des-responsables-se-retirent-du-Y\u00e9men-300x156.jpg 300w, https:\/\/www.lejournalduforkane.com\/wp-content\/uploads\/2019\/11\/Pr\u00e8s-de-8-000-mercenaires-soudanais-tu\u00e9s-ou-bless\u00e9s-des-responsables-se-retirent-du-Y\u00e9men-768x399.jpg 768w\" sizes=\"(max-width: 780px) 100vw, 780px\" \/><\/p>\n","protected":false},"excerpt":{"rendered":"Le porte-parole de l'arm\u00e9e y\u00e9m\u00e9nite, le g\u00e9n\u00e9ral Yehya Sarea, a annonc\u00e9 que pr\u00e8s de 8 000 mercenaires soudanais avaient \u00e9t\u00e9 tu\u00e9s ou bless\u00e9s depuis le d\u00e9but de l'agression saoudienne contre","protected":false},"author":2,"featured_media":0,"comment_status":"closed","ping_status":"open","sticky":false,"template":"","format":"standard","meta":[],"categories":[],"tags":[],"_links":{"self":[{"href":"https:\/\/www.lejournalduforkane.com\/index.php\/wp-json\/wp\/v2\/posts\/23406"}],"collection":[{"href":"https:\/\/www.lejournalduforkane.com\/index.php\/wp-json\/wp\/v2\/posts"}],"about":[{"href":"https:\/\/www.lejournalduforkane.com\/index.php\/wp-json\/wp\/v2\/types\/post"}],"author":[{"embeddable":true,"href":"https:\/\/www.lejournalduforkane.com\/index.php\/wp-json\/wp\/v2\/users\/2"}],"replies":[{"embeddable":true,"href":"https:\/\/www.lejournalduforkane.com\/index.php\/wp-json\/wp\/v2\/comments?post=23406"}],"version-history":[{"count":1,"href":"https:\/\/www.lejournalduforkane.com\/index.php\/wp-json\/wp\/v2\/posts\/23406\/revisions"}],"predecessor-version":[{"id":23408,"href":"https:\/\/www.lejournalduforkane.com\/index.php\/wp-json\/wp\/v2\/posts\/23406\/revisions\/23408"}],"wp:attachment":[{"href":"https:\/\/www.lejournalduforkane.com\/index.php\/wp-json\/wp\/v2\/media?parent=23406"}],"wp:term":[{"taxonomy":"category","embeddable":true,"href":"https:\/\/www.lejournalduforkane.com\/index.php\/wp-json\/wp\/v2\/categories?post=23406"},{"taxonomy":"post_tag","embeddable":true,"href":"https:\/\/www.lejournalduforkane.com\/index.php\/wp-json\/wp\/v2\/tags?post=23406"}],"curies":[{"name":"wp","href":"https:\/\/api.w.org\/{rel}","templated":true}]}}