
{"id":23428,"date":"2019-11-06T19:01:07","date_gmt":"2019-11-06T19:01:07","guid":{"rendered":"https:\/\/www.lejournalduforkane.com\/?p=23428"},"modified":"2019-11-06T19:01:07","modified_gmt":"2019-11-06T19:01:07","slug":"images-exclusives-larmee-arabe-syrienne-frappe-les-djihadistes-tuant-plusieurs-dentre-eux-a-lattaquie","status":"publish","type":"post","link":"https:\/\/www.lejournalduforkane.com\/index.php\/images-exclusives-larmee-arabe-syrienne-frappe-les-djihadistes-tuant-plusieurs-dentre-eux-a-lattaquie\/","title":{"rendered":"Images exclusives : l&rsquo;arm\u00e9e arabe syrienne frappe les djihadistes tuant plusieurs d\u2019entre eux \u00e0 Lattaqui\u00e9"},"content":{"rendered":"<p><!--more--><\/p>\n<p>Vid\u00e9o encore jamais vue des troupes de l&rsquo;arm\u00e9e arabe syrienne frappant les forces djihadistes sur plusieurs sites au sud de la ville cl\u00e9 de Kabani, dans le nord-est de Lattaqui\u00e9.<\/p>\n<p>La vid\u00e9o, publi\u00e9e cette semaine, montre l\u2019arm\u00e9e syrienne traquant les djihadistes dans la r\u00e9gion montagneuse dense du nord-est de Lattaqui\u00e9 et frappent les terroristes avec des missiles, de l\u2019artillerie et des frappes a\u00e9riennes.<\/p>\n<p>L&rsquo;arm\u00e9e syrienne est engag\u00e9e dans une bataille acharn\u00e9e contre les rebelles djihadistes au sud de Kabani depuis 2 semaines maintenant. On s&rsquo;attend \u00e0 ce qu&rsquo;ils intensifient leurs attaques dans les prochains jours, \u00e0 mesure que le haut commandement d\u00e9ploie davantage de troupes sur ces lignes de front.<\/p>\n<p><iframe loading=\"lazy\" width=\"560\" height=\"315\" src=\"https:\/\/www.youtube.com\/embed\/RRdjCco5Ta0\" frameborder=\"0\" allow=\"accelerometer; autoplay; encrypted-media; gyroscope; picture-in-picture\" allowfullscreen><\/iframe><\/p>\n<p><img loading=\"lazy\" src=\"https:\/\/www.lejournalduforkane.com\/wp-content\/uploads\/2019\/11\/larm\u00e9e-arabe-syrienne-frappe-les-djihadistes-tuant-plusieurs-d\u2019entre-eux-\u00e0-Lattaqui\u00e9.jpg\" alt=\"l&#039;arm\u00e9e arabe syrienne frappe les djihadistes tuant plusieurs d\u2019entre eux \u00e0 Lattaqui\u00e9\" width=\"772\" height=\"381\" class=\"alignnone size-full wp-image-23429\" srcset=\"https:\/\/www.lejournalduforkane.com\/wp-content\/uploads\/2019\/11\/larm\u00e9e-arabe-syrienne-frappe-les-djihadistes-tuant-plusieurs-d\u2019entre-eux-\u00e0-Lattaqui\u00e9.jpg 772w, https:\/\/www.lejournalduforkane.com\/wp-content\/uploads\/2019\/11\/larm\u00e9e-arabe-syrienne-frappe-les-djihadistes-tuant-plusieurs-d\u2019entre-eux-\u00e0-Lattaqui\u00e9-300x148.jpg 300w, https:\/\/www.lejournalduforkane.com\/wp-content\/uploads\/2019\/11\/larm\u00e9e-arabe-syrienne-frappe-les-djihadistes-tuant-plusieurs-d\u2019entre-eux-\u00e0-Lattaqui\u00e9-768x379.jpg 768w\" sizes=\"(max-width: 772px) 100vw, 772px\" \/><\/p>\n","protected":false},"excerpt":{"rendered":"Vid\u00e9o encore jamais vue des troupes de l'arm\u00e9e arabe syrienne frappant les forces djihadistes sur plusieurs sites au sud de la ville cl\u00e9 de Kabani, dans le nord-est de Lattaqui\u00e9.","protected":false},"author":2,"featured_media":0,"comment_status":"closed","ping_status":"open","sticky":false,"template":"","format":"standard","meta":[],"categories":[],"tags":[],"_links":{"self":[{"href":"https:\/\/www.lejournalduforkane.com\/index.php\/wp-json\/wp\/v2\/posts\/23428"}],"collection":[{"href":"https:\/\/www.lejournalduforkane.com\/index.php\/wp-json\/wp\/v2\/posts"}],"about":[{"href":"https:\/\/www.lejournalduforkane.com\/index.php\/wp-json\/wp\/v2\/types\/post"}],"author":[{"embeddable":true,"href":"https:\/\/www.lejournalduforkane.com\/index.php\/wp-json\/wp\/v2\/users\/2"}],"replies":[{"embeddable":true,"href":"https:\/\/www.lejournalduforkane.com\/index.php\/wp-json\/wp\/v2\/comments?post=23428"}],"version-history":[{"count":1,"href":"https:\/\/www.lejournalduforkane.com\/index.php\/wp-json\/wp\/v2\/posts\/23428\/revisions"}],"predecessor-version":[{"id":23430,"href":"https:\/\/www.lejournalduforkane.com\/index.php\/wp-json\/wp\/v2\/posts\/23428\/revisions\/23430"}],"wp:attachment":[{"href":"https:\/\/www.lejournalduforkane.com\/index.php\/wp-json\/wp\/v2\/media?parent=23428"}],"wp:term":[{"taxonomy":"category","embeddable":true,"href":"https:\/\/www.lejournalduforkane.com\/index.php\/wp-json\/wp\/v2\/categories?post=23428"},{"taxonomy":"post_tag","embeddable":true,"href":"https:\/\/www.lejournalduforkane.com\/index.php\/wp-json\/wp\/v2\/tags?post=23428"}],"curies":[{"name":"wp","href":"https:\/\/api.w.org\/{rel}","templated":true}]}}