
{"id":23437,"date":"2019-11-09T18:05:47","date_gmt":"2019-11-09T18:05:47","guid":{"rendered":"https:\/\/www.lejournalduforkane.com\/?p=23437"},"modified":"2019-11-10T18:09:16","modified_gmt":"2019-11-10T18:09:16","slug":"video-les-forces-ansarallah-semparent-de-collines-strategiques-dans-le-sud-de-larabie-saoudite","status":"publish","type":"post","link":"https:\/\/www.lejournalduforkane.com\/index.php\/video-les-forces-ansarallah-semparent-de-collines-strategiques-dans-le-sud-de-larabie-saoudite\/","title":{"rendered":"VID\u00c9O : les forces Ansarallah s&#8217;emparent de collines strat\u00e9giques dans le sud de l&rsquo;Arabie saoudite"},"content":{"rendered":"<p><!--more--><\/p>\n<p>Les forces Ansarallah ont marqu\u00e9 une avanc\u00e9e importante dans le sud de l\u2019Arabie saoudite cette semaine, leurs troupes ont r\u00e9ussi \u00e0 prendre un certain nombre de collines de la r\u00e9gion d\u2019Al-Dood dans la r\u00e9gion de Jizan.<\/p>\n<p>Dans une vid\u00e9o publi\u00e9e jeudi, on peut voir les forces Ansarallah se frayer un chemin sur ce terrain accident\u00e9 pour finalement prendre le contr\u00f4le des collines.<\/p>\n<p><iframe loading=\"lazy\" width=\"560\" height=\"315\" src=\"https:\/\/www.youtube.com\/embed\/wqIiajBcRoI\" frameborder=\"0\" allow=\"accelerometer; autoplay; encrypted-media; gyroscope; picture-in-picture\" allowfullscreen><\/iframe><\/p>\n<p><img loading=\"lazy\" src=\"https:\/\/www.lejournalduforkane.com\/wp-content\/uploads\/2019\/11\/les-forces-Ansarallah-semparent-de-collines-strat\u00e9giques-dans-le-sud-de-lArabie-saoudite.jpg\" alt=\"les forces Ansarallah s&#039;emparent de collines strat\u00e9giques dans le sud de l&#039;Arabie saoudite\" width=\"540\" height=\"281\" class=\"alignnone size-full wp-image-23438\" srcset=\"https:\/\/www.lejournalduforkane.com\/wp-content\/uploads\/2019\/11\/les-forces-Ansarallah-semparent-de-collines-strat\u00e9giques-dans-le-sud-de-lArabie-saoudite.jpg 540w, https:\/\/www.lejournalduforkane.com\/wp-content\/uploads\/2019\/11\/les-forces-Ansarallah-semparent-de-collines-strat\u00e9giques-dans-le-sud-de-lArabie-saoudite-300x156.jpg 300w\" sizes=\"(max-width: 540px) 100vw, 540px\" \/><\/p>\n","protected":false},"excerpt":{"rendered":"Les forces Ansarallah ont marqu\u00e9 une avanc\u00e9e importante dans le sud de l\u2019Arabie saoudite cette semaine, leurs troupes ont r\u00e9ussi \u00e0 prendre un certain nombre de collines de la r\u00e9gion","protected":false},"author":2,"featured_media":0,"comment_status":"closed","ping_status":"open","sticky":false,"template":"","format":"standard","meta":[],"categories":[],"tags":[],"_links":{"self":[{"href":"https:\/\/www.lejournalduforkane.com\/index.php\/wp-json\/wp\/v2\/posts\/23437"}],"collection":[{"href":"https:\/\/www.lejournalduforkane.com\/index.php\/wp-json\/wp\/v2\/posts"}],"about":[{"href":"https:\/\/www.lejournalduforkane.com\/index.php\/wp-json\/wp\/v2\/types\/post"}],"author":[{"embeddable":true,"href":"https:\/\/www.lejournalduforkane.com\/index.php\/wp-json\/wp\/v2\/users\/2"}],"replies":[{"embeddable":true,"href":"https:\/\/www.lejournalduforkane.com\/index.php\/wp-json\/wp\/v2\/comments?post=23437"}],"version-history":[{"count":1,"href":"https:\/\/www.lejournalduforkane.com\/index.php\/wp-json\/wp\/v2\/posts\/23437\/revisions"}],"predecessor-version":[{"id":23439,"href":"https:\/\/www.lejournalduforkane.com\/index.php\/wp-json\/wp\/v2\/posts\/23437\/revisions\/23439"}],"wp:attachment":[{"href":"https:\/\/www.lejournalduforkane.com\/index.php\/wp-json\/wp\/v2\/media?parent=23437"}],"wp:term":[{"taxonomy":"category","embeddable":true,"href":"https:\/\/www.lejournalduforkane.com\/index.php\/wp-json\/wp\/v2\/categories?post=23437"},{"taxonomy":"post_tag","embeddable":true,"href":"https:\/\/www.lejournalduforkane.com\/index.php\/wp-json\/wp\/v2\/tags?post=23437"}],"curies":[{"name":"wp","href":"https:\/\/api.w.org\/{rel}","templated":true}]}}