
{"id":23446,"date":"2019-11-10T18:20:03","date_gmt":"2019-11-10T18:20:03","guid":{"rendered":"https:\/\/www.lejournalduforkane.com\/?p=23446"},"modified":"2019-11-10T18:20:03","modified_gmt":"2019-11-10T18:20:03","slug":"video-celebration-de-la-naissance-du-prophete-mohammed-p-au-yemen-2","status":"publish","type":"post","link":"https:\/\/www.lejournalduforkane.com\/index.php\/video-celebration-de-la-naissance-du-prophete-mohammed-p-au-yemen-2\/","title":{"rendered":"Vid\u00e9o | C\u00e9l\u00e9bration de la naissance du Proph\u00e8te Mohammed (P) au Y\u00e9men"},"content":{"rendered":"<p><!--more--><\/p>\n<p>Regardez la vid\u00e9o et vous comprenez pourquoi le Proph\u00e8te Mohammed (P) a b\u00e9ni le Y\u00e9men.<\/p>\n<p>Nous continuerons \u00e0 c\u00e9l\u00e9brer la naissance de la meilleure cr\u00e9ature d&rsquo;Allah notre Proph\u00e8te Mohammed (P), sa place est dans nos c\u0153urs<\/p>\n<p><iframe loading=\"lazy\" width=\"620\" height=\"405\" src=\"\/\/rutube.ru\/play\/embed\/12972794\" frameborder=\"0\" webkitAllowFullScreen mozallowfullscreen allowfullscreen><\/iframe><\/p>\n","protected":false},"excerpt":{"rendered":"Regardez la vid\u00e9o et vous comprenez pourquoi le Proph\u00e8te Mohammed (P) a b\u00e9ni le Y\u00e9men. Nous continuerons \u00e0 c\u00e9l\u00e9brer la naissance de la meilleure cr\u00e9ature d'Allah notre Proph\u00e8te Mohammed (P),","protected":false},"author":2,"featured_media":0,"comment_status":"closed","ping_status":"open","sticky":false,"template":"","format":"standard","meta":[],"categories":[],"tags":[],"_links":{"self":[{"href":"https:\/\/www.lejournalduforkane.com\/index.php\/wp-json\/wp\/v2\/posts\/23446"}],"collection":[{"href":"https:\/\/www.lejournalduforkane.com\/index.php\/wp-json\/wp\/v2\/posts"}],"about":[{"href":"https:\/\/www.lejournalduforkane.com\/index.php\/wp-json\/wp\/v2\/types\/post"}],"author":[{"embeddable":true,"href":"https:\/\/www.lejournalduforkane.com\/index.php\/wp-json\/wp\/v2\/users\/2"}],"replies":[{"embeddable":true,"href":"https:\/\/www.lejournalduforkane.com\/index.php\/wp-json\/wp\/v2\/comments?post=23446"}],"version-history":[{"count":1,"href":"https:\/\/www.lejournalduforkane.com\/index.php\/wp-json\/wp\/v2\/posts\/23446\/revisions"}],"predecessor-version":[{"id":23451,"href":"https:\/\/www.lejournalduforkane.com\/index.php\/wp-json\/wp\/v2\/posts\/23446\/revisions\/23451"}],"wp:attachment":[{"href":"https:\/\/www.lejournalduforkane.com\/index.php\/wp-json\/wp\/v2\/media?parent=23446"}],"wp:term":[{"taxonomy":"category","embeddable":true,"href":"https:\/\/www.lejournalduforkane.com\/index.php\/wp-json\/wp\/v2\/categories?post=23446"},{"taxonomy":"post_tag","embeddable":true,"href":"https:\/\/www.lejournalduforkane.com\/index.php\/wp-json\/wp\/v2\/tags?post=23446"}],"curies":[{"name":"wp","href":"https:\/\/api.w.org\/{rel}","templated":true}]}}