
{"id":23514,"date":"2019-11-13T19:15:02","date_gmt":"2019-11-13T19:15:02","guid":{"rendered":"https:\/\/www.lejournalduforkane.com\/?p=23514"},"modified":"2019-11-13T19:15:02","modified_gmt":"2019-11-13T19:15:02","slug":"video-les-etudiants-dharvard-quittent-luniversite-a-larrivee-de-lambassadeur-israelien","status":"publish","type":"post","link":"https:\/\/www.lejournalduforkane.com\/index.php\/video-les-etudiants-dharvard-quittent-luniversite-a-larrivee-de-lambassadeur-israelien\/","title":{"rendered":"Vid\u00e9o | Les \u00e9tudiants d\u2019Harvard quittent l\u2019universit\u00e9 \u00e0 l\u2019arriv\u00e9e de l\u2019ambassadeur isra\u00e9lien"},"content":{"rendered":"<p><!--more--><\/p>\n<p>D\u00e8s que l&rsquo;ambassadeur isra\u00e9lien aux \u00c9tats-Unis est arriv\u00e9 \u00e0 l&rsquo;universit\u00e9 de Harvard pour parler de la strat\u00e9gie juridique pour les colonies isra\u00e9liennes, les militants qui avaient rempli le hall ont commenc\u00e9 \u00e0 partir pour protester contre l&rsquo;agression barbare isra\u00e9lienne sur Gaza.<\/p>\n<p><iframe loading=\"lazy\" width=\"720\" height=\"405\" src=\"\/\/rutube.ru\/play\/embed\/12976398\" frameborder=\"0\" webkitAllowFullScreen mozallowfullscreen allowfullscreen><\/iframe><\/p>\n<p><img loading=\"lazy\" src=\"https:\/\/www.lejournalduforkane.com\/wp-content\/uploads\/2019\/11\/\u00e9tudiant-harvward.jpg\" alt=\"\u00e9tudiant harvward\" width=\"314\" height=\"337\" class=\"alignnone size-full wp-image-23515\" srcset=\"https:\/\/www.lejournalduforkane.com\/wp-content\/uploads\/2019\/11\/\u00e9tudiant-harvward.jpg 314w, https:\/\/www.lejournalduforkane.com\/wp-content\/uploads\/2019\/11\/\u00e9tudiant-harvward-280x300.jpg 280w\" sizes=\"(max-width: 314px) 100vw, 314px\" \/><\/p>\n","protected":false},"excerpt":{"rendered":"D\u00e8s que l'ambassadeur isra\u00e9lien aux \u00c9tats-Unis est arriv\u00e9 \u00e0 l'universit\u00e9 de Harvard pour parler de la strat\u00e9gie juridique pour les colonies isra\u00e9liennes, les militants qui avaient rempli le hall ont","protected":false},"author":2,"featured_media":0,"comment_status":"closed","ping_status":"open","sticky":false,"template":"","format":"standard","meta":[],"categories":[],"tags":[],"_links":{"self":[{"href":"https:\/\/www.lejournalduforkane.com\/index.php\/wp-json\/wp\/v2\/posts\/23514"}],"collection":[{"href":"https:\/\/www.lejournalduforkane.com\/index.php\/wp-json\/wp\/v2\/posts"}],"about":[{"href":"https:\/\/www.lejournalduforkane.com\/index.php\/wp-json\/wp\/v2\/types\/post"}],"author":[{"embeddable":true,"href":"https:\/\/www.lejournalduforkane.com\/index.php\/wp-json\/wp\/v2\/users\/2"}],"replies":[{"embeddable":true,"href":"https:\/\/www.lejournalduforkane.com\/index.php\/wp-json\/wp\/v2\/comments?post=23514"}],"version-history":[{"count":1,"href":"https:\/\/www.lejournalduforkane.com\/index.php\/wp-json\/wp\/v2\/posts\/23514\/revisions"}],"predecessor-version":[{"id":23516,"href":"https:\/\/www.lejournalduforkane.com\/index.php\/wp-json\/wp\/v2\/posts\/23514\/revisions\/23516"}],"wp:attachment":[{"href":"https:\/\/www.lejournalduforkane.com\/index.php\/wp-json\/wp\/v2\/media?parent=23514"}],"wp:term":[{"taxonomy":"category","embeddable":true,"href":"https:\/\/www.lejournalduforkane.com\/index.php\/wp-json\/wp\/v2\/categories?post=23514"},{"taxonomy":"post_tag","embeddable":true,"href":"https:\/\/www.lejournalduforkane.com\/index.php\/wp-json\/wp\/v2\/tags?post=23514"}],"curies":[{"name":"wp","href":"https:\/\/api.w.org\/{rel}","templated":true}]}}