
{"id":23530,"date":"2019-11-17T18:26:10","date_gmt":"2019-11-17T18:26:10","guid":{"rendered":"https:\/\/www.lejournalduforkane.com\/?p=23530"},"modified":"2019-11-17T18:26:10","modified_gmt":"2019-11-17T18:26:10","slug":"les-new-yorkais-se-sont-deplaces-a-times-square-hier-pour-montrer-leur-solidarite-avec-gaza-a-la-suite-de-la-recente-attaque-israelienne","status":"publish","type":"post","link":"https:\/\/www.lejournalduforkane.com\/index.php\/les-new-yorkais-se-sont-deplaces-a-times-square-hier-pour-montrer-leur-solidarite-avec-gaza-a-la-suite-de-la-recente-attaque-israelienne\/","title":{"rendered":"Les New-Yorkais se sont d\u00e9plac\u00e9s \u00e0 Times Square hier pour montrer leur solidarit\u00e9 avec Gaza \u00e0 la suite de la r\u00e9cente attaque isra\u00e9lienne."},"content":{"rendered":"<p><!--more-->Les New-Yorkais se sont d\u00e9plac\u00e9s \u00e0 Times Square hier pour montrer leur solidarit\u00e9 avec Gaza \u00e0 la suite de la r\u00e9cente attaque isra\u00e9lienne.<\/p>\n<p>&lt;iframe width=\u00a0\u00bb720&Prime; height=\u00a0\u00bb405&Prime; src=\u00a0\u00bb\/\/rutube.ru\/play\/embed\/12980793&Prime; frameborder=\u00a0\u00bb0&Prime; webkitAllowFullScreen <iframe loading=\"lazy\" width=\"720\" height=\"405\" src=\"\/\/rutube.ru\/play\/embed\/12980793\" frameborder=\"0\" webkitAllowFullScreen mozallowfullscreen allowfullscreen><\/iframe><\/p>\n<p><img loading=\"lazy\" src=\"https:\/\/www.lejournalduforkane.com\/wp-content\/uploads\/2019\/11\/Les-New-Yorkais-se-sont-d\u00e9plac\u00e9s-\u00e0-Times-Square-hier-pour-montrer-leur-solidarit\u00e9-avec-Gaza-\u00e0-la-suite-de-la-r\u00e9cente-attaque-isra\u00e9lienne..jpg\" alt=\"Les New-Yorkais se sont d\u00e9plac\u00e9s \u00e0 Times Square hier pour montrer leur solidarit\u00e9 avec Gaza \u00e0 la suite de la r\u00e9cente attaque isra\u00e9lienne.\" width=\"500\" height=\"270\" class=\"alignnone size-full wp-image-23534\" srcset=\"https:\/\/www.lejournalduforkane.com\/wp-content\/uploads\/2019\/11\/Les-New-Yorkais-se-sont-d\u00e9plac\u00e9s-\u00e0-Times-Square-hier-pour-montrer-leur-solidarit\u00e9-avec-Gaza-\u00e0-la-suite-de-la-r\u00e9cente-attaque-isra\u00e9lienne..jpg 500w, https:\/\/www.lejournalduforkane.com\/wp-content\/uploads\/2019\/11\/Les-New-Yorkais-se-sont-d\u00e9plac\u00e9s-\u00e0-Times-Square-hier-pour-montrer-leur-solidarit\u00e9-avec-Gaza-\u00e0-la-suite-de-la-r\u00e9cente-attaque-isra\u00e9lienne.-300x162.jpg 300w\" sizes=\"(max-width: 500px) 100vw, 500px\" \/><\/p>\n","protected":false},"excerpt":{"rendered":"Les New-Yorkais se sont d\u00e9plac\u00e9s \u00e0 Times Square hier pour montrer leur solidarit\u00e9 avec Gaza \u00e0 la suite de la r\u00e9cente attaque isra\u00e9lienne. &lt;iframe width=\"720\" height=\"405\" src=\"\/\/rutube.ru\/play\/embed\/12980793\" frameborder=\"0\" webkitAllowFullScreen","protected":false},"author":2,"featured_media":0,"comment_status":"closed","ping_status":"open","sticky":false,"template":"","format":"standard","meta":[],"categories":[],"tags":[],"_links":{"self":[{"href":"https:\/\/www.lejournalduforkane.com\/index.php\/wp-json\/wp\/v2\/posts\/23530"}],"collection":[{"href":"https:\/\/www.lejournalduforkane.com\/index.php\/wp-json\/wp\/v2\/posts"}],"about":[{"href":"https:\/\/www.lejournalduforkane.com\/index.php\/wp-json\/wp\/v2\/types\/post"}],"author":[{"embeddable":true,"href":"https:\/\/www.lejournalduforkane.com\/index.php\/wp-json\/wp\/v2\/users\/2"}],"replies":[{"embeddable":true,"href":"https:\/\/www.lejournalduforkane.com\/index.php\/wp-json\/wp\/v2\/comments?post=23530"}],"version-history":[{"count":1,"href":"https:\/\/www.lejournalduforkane.com\/index.php\/wp-json\/wp\/v2\/posts\/23530\/revisions"}],"predecessor-version":[{"id":23535,"href":"https:\/\/www.lejournalduforkane.com\/index.php\/wp-json\/wp\/v2\/posts\/23530\/revisions\/23535"}],"wp:attachment":[{"href":"https:\/\/www.lejournalduforkane.com\/index.php\/wp-json\/wp\/v2\/media?parent=23530"}],"wp:term":[{"taxonomy":"category","embeddable":true,"href":"https:\/\/www.lejournalduforkane.com\/index.php\/wp-json\/wp\/v2\/categories?post=23530"},{"taxonomy":"post_tag","embeddable":true,"href":"https:\/\/www.lejournalduforkane.com\/index.php\/wp-json\/wp\/v2\/tags?post=23530"}],"curies":[{"name":"wp","href":"https:\/\/api.w.org\/{rel}","templated":true}]}}