
{"id":23533,"date":"2019-11-17T18:32:09","date_gmt":"2019-11-17T18:32:09","guid":{"rendered":"https:\/\/www.lejournalduforkane.com\/?p=23533"},"modified":"2019-11-17T18:32:09","modified_gmt":"2019-11-17T18:32:09","slug":"les-etudiants-iraniens-manifestent-devant-lambassade-de-france-a-teheran-en-solidarite-avec-les-gilets-jaunes-et-pour-denoncer-le-regime-de-macron","status":"publish","type":"post","link":"https:\/\/www.lejournalduforkane.com\/index.php\/les-etudiants-iraniens-manifestent-devant-lambassade-de-france-a-teheran-en-solidarite-avec-les-gilets-jaunes-et-pour-denoncer-le-regime-de-macron\/","title":{"rendered":"Les \u00e9tudiants iraniens manifestent devant l&rsquo;ambassade de France \u00e0 T\u00e9h\u00e9ran en solidarit\u00e9 avec les gilets jaunes et pour d\u00e9noncer le r\u00e9gime de Macron."},"content":{"rendered":"<p><!--more--><\/p>\n<p>Les \u00e9tudiants iraniens manifestent devant l&rsquo;ambassade de France \u00e0 T\u00e9h\u00e9ran en solidarit\u00e9 avec les gilets jaunes et pour d\u00e9noncer le r\u00e9gime de Macron.<\/p>\n<p>L&rsquo;\u00e9v\u00e9nement a marqu\u00e9 l&rsquo;anniversaire des 1 an du mouvement des Gilets Jaunes.<\/p>\n<p><iframe loading=\"lazy\" src=\"\/\/rutube.ru\/play\/embed\/12980795\" width=\"720\" height=\"405\" frameborder=\"0\" allowfullscreen=\"allowfullscreen\"><\/iframe><\/p>\n<p><img loading=\"lazy\" src=\"https:\/\/www.lejournalduforkane.com\/wp-content\/uploads\/2019\/11\/Les-\u00e9tudiants-iraniens-manifestent-devant-lambassade-de-France-\u00e0-T\u00e9h\u00e9ran-en-solidarit\u00e9-avec-les-gilets-jaunes-et-pour-d\u00e9noncer-le-r\u00e9gime-de-Macron..jpg\" alt=\"Les \u00e9tudiants iraniens manifestent devant l&#039;ambassade de France \u00e0 T\u00e9h\u00e9ran en solidarit\u00e9 avec les gilets jaunes et pour d\u00e9noncer le r\u00e9gime de Macron.\" width=\"479\" height=\"375\" class=\"alignnone size-full wp-image-23536\" srcset=\"https:\/\/www.lejournalduforkane.com\/wp-content\/uploads\/2019\/11\/Les-\u00e9tudiants-iraniens-manifestent-devant-lambassade-de-France-\u00e0-T\u00e9h\u00e9ran-en-solidarit\u00e9-avec-les-gilets-jaunes-et-pour-d\u00e9noncer-le-r\u00e9gime-de-Macron..jpg 479w, https:\/\/www.lejournalduforkane.com\/wp-content\/uploads\/2019\/11\/Les-\u00e9tudiants-iraniens-manifestent-devant-lambassade-de-France-\u00e0-T\u00e9h\u00e9ran-en-solidarit\u00e9-avec-les-gilets-jaunes-et-pour-d\u00e9noncer-le-r\u00e9gime-de-Macron.-300x235.jpg 300w\" sizes=\"(max-width: 479px) 100vw, 479px\" \/><\/p>\n","protected":false},"excerpt":{"rendered":"Les \u00e9tudiants iraniens manifestent devant l'ambassade de France \u00e0 T\u00e9h\u00e9ran en solidarit\u00e9 avec les gilets jaunes et pour d\u00e9noncer le r\u00e9gime de Macron. L'\u00e9v\u00e9nement a marqu\u00e9 l'anniversaire des 1 an","protected":false},"author":2,"featured_media":0,"comment_status":"closed","ping_status":"open","sticky":false,"template":"","format":"standard","meta":[],"categories":[],"tags":[],"_links":{"self":[{"href":"https:\/\/www.lejournalduforkane.com\/index.php\/wp-json\/wp\/v2\/posts\/23533"}],"collection":[{"href":"https:\/\/www.lejournalduforkane.com\/index.php\/wp-json\/wp\/v2\/posts"}],"about":[{"href":"https:\/\/www.lejournalduforkane.com\/index.php\/wp-json\/wp\/v2\/types\/post"}],"author":[{"embeddable":true,"href":"https:\/\/www.lejournalduforkane.com\/index.php\/wp-json\/wp\/v2\/users\/2"}],"replies":[{"embeddable":true,"href":"https:\/\/www.lejournalduforkane.com\/index.php\/wp-json\/wp\/v2\/comments?post=23533"}],"version-history":[{"count":1,"href":"https:\/\/www.lejournalduforkane.com\/index.php\/wp-json\/wp\/v2\/posts\/23533\/revisions"}],"predecessor-version":[{"id":23537,"href":"https:\/\/www.lejournalduforkane.com\/index.php\/wp-json\/wp\/v2\/posts\/23533\/revisions\/23537"}],"wp:attachment":[{"href":"https:\/\/www.lejournalduforkane.com\/index.php\/wp-json\/wp\/v2\/media?parent=23533"}],"wp:term":[{"taxonomy":"category","embeddable":true,"href":"https:\/\/www.lejournalduforkane.com\/index.php\/wp-json\/wp\/v2\/categories?post=23533"},{"taxonomy":"post_tag","embeddable":true,"href":"https:\/\/www.lejournalduforkane.com\/index.php\/wp-json\/wp\/v2\/tags?post=23533"}],"curies":[{"name":"wp","href":"https:\/\/api.w.org\/{rel}","templated":true}]}}