
{"id":23625,"date":"2019-12-01T19:18:42","date_gmt":"2019-12-01T19:18:42","guid":{"rendered":"https:\/\/www.lejournalduforkane.com\/?p=23625"},"modified":"2019-12-02T19:21:14","modified_gmt":"2019-12-02T19:21:14","slug":"le-hezbollah-au-yemen-publie-une-video-de-loperation-downing-dapache-saoudienne","status":"publish","type":"post","link":"https:\/\/www.lejournalduforkane.com\/index.php\/le-hezbollah-au-yemen-publie-une-video-de-loperation-downing-dapache-saoudienne\/","title":{"rendered":"Le Hezbollah au Y\u00e9men publie une vid\u00e9o de l&rsquo;op\u00e9ration Downing d&rsquo;Apache saoudienne"},"content":{"rendered":"<p style=\"text-align: justify;\"><!--more--><\/p>\n<p style=\"text-align: justify;\">Le centre m\u00e9diatique de guerre y\u00e9m\u00e9nite a publi\u00e9 samedi des sc\u00e8nes de l&rsquo;h\u00e9licopt\u00e8re Apache saoudien abattu par la d\u00e9fense a\u00e9rienne y\u00e9m\u00e9nite vendredi \u00e0 Assir. <img loading=\"lazy\" class=\"wp-image-23626 alignright\" src=\"https:\/\/www.lejournalduforkane.com\/wp-content\/uploads\/2019\/12\/Le-Hezbollah-au-Y\u00e9men-publie-une-vid\u00e9o-de-lop\u00e9ration-Downing-dApache-saoudienne.jpg\" alt=\"Le Hezbollah au Y\u00e9men publie une vid\u00e9o de l'op\u00e9ration Downing d'Apache saoudienne\" width=\"291\" height=\"167\" srcset=\"https:\/\/www.lejournalduforkane.com\/wp-content\/uploads\/2019\/12\/Le-Hezbollah-au-Y\u00e9men-publie-une-vid\u00e9o-de-lop\u00e9ration-Downing-dApache-saoudienne.jpg 469w, https:\/\/www.lejournalduforkane.com\/wp-content\/uploads\/2019\/12\/Le-Hezbollah-au-Y\u00e9men-publie-une-vid\u00e9o-de-lop\u00e9ration-Downing-dApache-saoudienne-300x172.jpg 300w\" sizes=\"(max-width: 291px) 100vw, 291px\" \/><\/p>\n<p style=\"text-align: justify;\">La vid\u00e9o montre l&rsquo;h\u00e9licopt\u00e8re Apache, qui volait dans l&rsquo;espace a\u00e9rien y\u00e9m\u00e9nite, a \u00e9t\u00e9 frapp\u00e9 avec pr\u00e9cision par un missile sol-air. L&rsquo;h\u00e9licopt\u00e8re a ensuite \u00e9t\u00e9 aper\u00e7u en train de tomber dans une zone montagneuse pr\u00e8s de la fronti\u00e8re saoudienne avec le Y\u00e9men.<\/p>\n<p style=\"text-align: justify;\">\u00ab\u00a0Les d\u00e9fenses a\u00e9riennes y\u00e9m\u00e9nites ont abattu avec succ\u00e8s un nouveau missile sol-air sur un avion des Apaches saoudiens, que nous d\u00e9voilerons plus tard\u00a0\u00bb, a d\u00e9clar\u00e9 vendredi le porte-parole des forces arm\u00e9es, le brigadier g\u00e9n\u00e9ral Yahya Serea.<\/p>\n<p style=\"text-align: justify;\">Il a expliqu\u00e9 qu&rsquo;il avait \u00e9t\u00e9 abattu ce matin dans une zone proche d&rsquo;Asir alors qu&rsquo;il menait les hostilit\u00e9s. 2 Saoudiens ont \u00e9t\u00e9 tu\u00e9s et il a \u00e9t\u00e9 compl\u00e8tement br\u00fbl\u00e9.<\/p>\n<p style=\"text-align: justify;\">\u00abL\u2019op\u00e9ration est document\u00e9e par le centre des m\u00e9dias de guerre\u00bb, a indiqu\u00e9 le brigadier Sarea.<\/p>\n<p style=\"text-align: justify;\">\u00ab\u00a0Les forces arm\u00e9es confirment qu&rsquo;il est interdit d&rsquo;approcher de l&rsquo;espace a\u00e9rien y\u00e9m\u00e9nite et assurent qu&rsquo;il fera face \u00e0 toutes les tentatives de ses ennemis\u00a0\u00bb, a-t-il ajout\u00e9.<\/p>\n<p style=\"text-align: justify;\">La fusillade intervient 3 mois apr\u00e8s que les forces arm\u00e9es y\u00e9m\u00e9nites ont d\u00e9couvert deux types de syst\u00e8mes de d\u00e9fense a\u00e9rienne, Fatir 1 et Saqib 1, qui ont rejoint le champ de bataille en 2017 et ont r\u00e9ussi \u00e0 contrer les avions de guerre de l&rsquo;agression men\u00e9e par l&rsquo;Arabie saoudite.<br \/>\n<iframe loading=\"lazy\" src=\"\/\/rutube.ru\/play\/embed\/13001535\" width=\"720\" height=\"405\" frameborder=\"0\" allowfullscreen=\"allowfullscreen\"><\/iframe><\/p>\n","protected":false},"excerpt":{"rendered":"Le centre m\u00e9diatique de guerre y\u00e9m\u00e9nite a publi\u00e9 samedi des sc\u00e8nes de l'h\u00e9licopt\u00e8re Apache saoudien abattu par la d\u00e9fense a\u00e9rienne y\u00e9m\u00e9nite vendredi \u00e0 Assir. La vid\u00e9o montre l'h\u00e9licopt\u00e8re Apache, qui","protected":false},"author":2,"featured_media":0,"comment_status":"closed","ping_status":"open","sticky":false,"template":"","format":"standard","meta":[],"categories":[],"tags":[],"_links":{"self":[{"href":"https:\/\/www.lejournalduforkane.com\/index.php\/wp-json\/wp\/v2\/posts\/23625"}],"collection":[{"href":"https:\/\/www.lejournalduforkane.com\/index.php\/wp-json\/wp\/v2\/posts"}],"about":[{"href":"https:\/\/www.lejournalduforkane.com\/index.php\/wp-json\/wp\/v2\/types\/post"}],"author":[{"embeddable":true,"href":"https:\/\/www.lejournalduforkane.com\/index.php\/wp-json\/wp\/v2\/users\/2"}],"replies":[{"embeddable":true,"href":"https:\/\/www.lejournalduforkane.com\/index.php\/wp-json\/wp\/v2\/comments?post=23625"}],"version-history":[{"count":1,"href":"https:\/\/www.lejournalduforkane.com\/index.php\/wp-json\/wp\/v2\/posts\/23625\/revisions"}],"predecessor-version":[{"id":23627,"href":"https:\/\/www.lejournalduforkane.com\/index.php\/wp-json\/wp\/v2\/posts\/23625\/revisions\/23627"}],"wp:attachment":[{"href":"https:\/\/www.lejournalduforkane.com\/index.php\/wp-json\/wp\/v2\/media?parent=23625"}],"wp:term":[{"taxonomy":"category","embeddable":true,"href":"https:\/\/www.lejournalduforkane.com\/index.php\/wp-json\/wp\/v2\/categories?post=23625"},{"taxonomy":"post_tag","embeddable":true,"href":"https:\/\/www.lejournalduforkane.com\/index.php\/wp-json\/wp\/v2\/tags?post=23625"}],"curies":[{"name":"wp","href":"https:\/\/api.w.org\/{rel}","templated":true}]}}