
{"id":23700,"date":"2019-12-15T18:24:10","date_gmt":"2019-12-15T18:24:10","guid":{"rendered":"https:\/\/www.lejournalduforkane.com\/?p=23700"},"modified":"2019-12-16T19:23:03","modified_gmt":"2019-12-16T19:23:03","slug":"bachar-al-assad-la-france-est-lun-des-plus-grands-responsables-du-terrorisme-et-de-la-crise-des-refugies","status":"publish","type":"post","link":"https:\/\/www.lejournalduforkane.com\/index.php\/bachar-al-assad-la-france-est-lun-des-plus-grands-responsables-du-terrorisme-et-de-la-crise-des-refugies\/","title":{"rendered":"Bachar al-Assad : \u00ab\u00a0la France est l\u2019un des plus grands responsables du terrorisme et de la crise des r\u00e9fugi\u00e9s\u00a0\u00bb"},"content":{"rendered":"<p><!--more--><br \/>\nInterview du Pr\u00e9sident de la R\u00e9publique Arabe Syrienne, Bachar al-Assad, le 9 d\u00e9cembre 2019, par la cha\u00eene italienne RAI News 24.<\/p>\n<p>ATTENTION : Cette interview a \u00e9t\u00e9 autocensur\u00e9e par la cha\u00eene italienne, qui ne l&rsquo;a pas publi\u00e9e.<br \/>\n<iframe loading=\"lazy\" src=\"https:\/\/player.vimeo.com\/video\/379441283\" width=\"640\" height=\"360\" frameborder=\"0\" allowfullscreen=\"allowfullscreen\"><\/iframe><br \/>\n<img loading=\"lazy\" class=\"alignnone size-full wp-image-23701\" src=\"https:\/\/www.lejournalduforkane.com\/wp-content\/uploads\/2019\/12\/la-France-est-l\u2019un-des-plus-grands-responsables-du-terrorisme-et-de-la-crise-des-r\u00e9fugi\u00e9s.jpg\" alt=\"la France est l\u2019un des plus grands responsables du terrorisme et de la crise des r\u00e9fugi\u00e9s\" width=\"540\" height=\"281\" srcset=\"https:\/\/www.lejournalduforkane.com\/wp-content\/uploads\/2019\/12\/la-France-est-l\u2019un-des-plus-grands-responsables-du-terrorisme-et-de-la-crise-des-r\u00e9fugi\u00e9s.jpg 540w, https:\/\/www.lejournalduforkane.com\/wp-content\/uploads\/2019\/12\/la-France-est-l\u2019un-des-plus-grands-responsables-du-terrorisme-et-de-la-crise-des-r\u00e9fugi\u00e9s-300x156.jpg 300w\" sizes=\"(max-width: 540px) 100vw, 540px\" \/><\/p>\n","protected":false},"excerpt":{"rendered":"Interview du Pr\u00e9sident de la R\u00e9publique Arabe Syrienne, Bachar al-Assad, le 9 d\u00e9cembre 2019, par la cha\u00eene italienne RAI News 24. ATTENTION : Cette interview a \u00e9t\u00e9 autocensur\u00e9e par la","protected":false},"author":2,"featured_media":0,"comment_status":"closed","ping_status":"open","sticky":false,"template":"","format":"standard","meta":[],"categories":[],"tags":[],"_links":{"self":[{"href":"https:\/\/www.lejournalduforkane.com\/index.php\/wp-json\/wp\/v2\/posts\/23700"}],"collection":[{"href":"https:\/\/www.lejournalduforkane.com\/index.php\/wp-json\/wp\/v2\/posts"}],"about":[{"href":"https:\/\/www.lejournalduforkane.com\/index.php\/wp-json\/wp\/v2\/types\/post"}],"author":[{"embeddable":true,"href":"https:\/\/www.lejournalduforkane.com\/index.php\/wp-json\/wp\/v2\/users\/2"}],"replies":[{"embeddable":true,"href":"https:\/\/www.lejournalduforkane.com\/index.php\/wp-json\/wp\/v2\/comments?post=23700"}],"version-history":[{"count":3,"href":"https:\/\/www.lejournalduforkane.com\/index.php\/wp-json\/wp\/v2\/posts\/23700\/revisions"}],"predecessor-version":[{"id":23719,"href":"https:\/\/www.lejournalduforkane.com\/index.php\/wp-json\/wp\/v2\/posts\/23700\/revisions\/23719"}],"wp:attachment":[{"href":"https:\/\/www.lejournalduforkane.com\/index.php\/wp-json\/wp\/v2\/media?parent=23700"}],"wp:term":[{"taxonomy":"category","embeddable":true,"href":"https:\/\/www.lejournalduforkane.com\/index.php\/wp-json\/wp\/v2\/categories?post=23700"},{"taxonomy":"post_tag","embeddable":true,"href":"https:\/\/www.lejournalduforkane.com\/index.php\/wp-json\/wp\/v2\/tags?post=23700"}],"curies":[{"name":"wp","href":"https:\/\/api.w.org\/{rel}","templated":true}]}}