
{"id":23724,"date":"2019-12-17T19:02:38","date_gmt":"2019-12-17T19:02:38","guid":{"rendered":"https:\/\/www.lejournalduforkane.com\/?p=23724"},"modified":"2019-12-18T19:05:23","modified_gmt":"2019-12-18T19:05:23","slug":"aveu-imperial-les-manifestations-au-liban-et-en-irak-font-partie-de-la-pression-maximale-contre-liran","status":"publish","type":"post","link":"https:\/\/www.lejournalduforkane.com\/index.php\/aveu-imperial-les-manifestations-au-liban-et-en-irak-font-partie-de-la-pression-maximale-contre-liran\/","title":{"rendered":"Aveu imp\u00e9rial : les manifestations au Liban et en Irak font partie de la \u2018pression maximale\u2019 contre l\u2019Iran"},"content":{"rendered":"<p><!--more--><\/p>\n<p>Remarques de Kelly Craft, ambassadrice des Etats-Unis \u00e0 l&rsquo;ONU, le 6 d\u00e9cembre 2019, lors d&rsquo;une conf\u00e9rence de presse au sujet de la pr\u00e9sidence am\u00e9ricaine du Conseil de S\u00e9curit\u00e9.<\/p>\n<p>Kelly Craft : Vous savez\u2026 Merci. Et\u2026 Et\u2026 Et une fois de\u2026 Vous savez, et encore une fois, c\u2019est l\u2019Iran. Et comme vous l\u2019avez dit, ils\u2026 Que ce soit avec le Hezbollah, le\u2026 L\u2019Iran est un acteur n\u00e9faste<span class=\"text_exposed_show\">. Et tant que nous n\u2019obtiendrons pas (satisfaction)\u2026 la campagne de pression maximale continuera de faire pression sur l\u2019Iran, et nous allons (continuer \u00e0) voir des bouleversements, que ce soit au Liban, en Syrie, au Y\u00e9men, o\u00f9 que ce soit. Nous prenons cela tr\u00e8s s\u00e9rieux, et nous avons encore d\u2019autres moyens (que ces manifestations) que nous utiliserons contre l\u2019Iran, s\u2019ils continuent ce comportement malsain.<\/span><\/p>\n<p><iframe loading=\"lazy\" src=\"https:\/\/player.vimeo.com\/video\/379467942\" width=\"640\" height=\"360\" frameborder=\"0\" allow=\"autoplay; fullscreen\" allowfullscreen><\/iframe><\/p>\n<p><img loading=\"lazy\" src=\"https:\/\/www.lejournalduforkane.com\/wp-content\/uploads\/2019\/12\/les-manifestations-au-Liban-et-en-Irak-font-partie-de-la-\u2018pression-maximale\u2019-contre-l\u2019Iran.jpg\" alt=\"les manifestations au Liban et en Irak font partie de la \u2018pression maximale\u2019 contre l\u2019Iran\" width=\"540\" height=\"281\" class=\"alignnone size-full wp-image-23725\" srcset=\"https:\/\/www.lejournalduforkane.com\/wp-content\/uploads\/2019\/12\/les-manifestations-au-Liban-et-en-Irak-font-partie-de-la-\u2018pression-maximale\u2019-contre-l\u2019Iran.jpg 540w, https:\/\/www.lejournalduforkane.com\/wp-content\/uploads\/2019\/12\/les-manifestations-au-Liban-et-en-Irak-font-partie-de-la-\u2018pression-maximale\u2019-contre-l\u2019Iran-300x156.jpg 300w\" sizes=\"(max-width: 540px) 100vw, 540px\" \/><\/p>\n","protected":false},"excerpt":{"rendered":"Remarques de Kelly Craft, ambassadrice des Etats-Unis \u00e0 l'ONU, le 6 d\u00e9cembre 2019, lors d'une conf\u00e9rence de presse au sujet de la pr\u00e9sidence am\u00e9ricaine du Conseil de S\u00e9curit\u00e9. Kelly Craft","protected":false},"author":2,"featured_media":0,"comment_status":"closed","ping_status":"open","sticky":false,"template":"","format":"standard","meta":[],"categories":[],"tags":[],"_links":{"self":[{"href":"https:\/\/www.lejournalduforkane.com\/index.php\/wp-json\/wp\/v2\/posts\/23724"}],"collection":[{"href":"https:\/\/www.lejournalduforkane.com\/index.php\/wp-json\/wp\/v2\/posts"}],"about":[{"href":"https:\/\/www.lejournalduforkane.com\/index.php\/wp-json\/wp\/v2\/types\/post"}],"author":[{"embeddable":true,"href":"https:\/\/www.lejournalduforkane.com\/index.php\/wp-json\/wp\/v2\/users\/2"}],"replies":[{"embeddable":true,"href":"https:\/\/www.lejournalduforkane.com\/index.php\/wp-json\/wp\/v2\/comments?post=23724"}],"version-history":[{"count":1,"href":"https:\/\/www.lejournalduforkane.com\/index.php\/wp-json\/wp\/v2\/posts\/23724\/revisions"}],"predecessor-version":[{"id":23726,"href":"https:\/\/www.lejournalduforkane.com\/index.php\/wp-json\/wp\/v2\/posts\/23724\/revisions\/23726"}],"wp:attachment":[{"href":"https:\/\/www.lejournalduforkane.com\/index.php\/wp-json\/wp\/v2\/media?parent=23724"}],"wp:term":[{"taxonomy":"category","embeddable":true,"href":"https:\/\/www.lejournalduforkane.com\/index.php\/wp-json\/wp\/v2\/categories?post=23724"},{"taxonomy":"post_tag","embeddable":true,"href":"https:\/\/www.lejournalduforkane.com\/index.php\/wp-json\/wp\/v2\/tags?post=23724"}],"curies":[{"name":"wp","href":"https:\/\/api.w.org\/{rel}","templated":true}]}}