
{"id":23730,"date":"2019-12-21T11:01:36","date_gmt":"2019-12-21T11:01:36","guid":{"rendered":"https:\/\/www.lejournalduforkane.com\/?p=23730"},"modified":"2019-12-22T19:06:59","modified_gmt":"2019-12-22T19:06:59","slug":"video-larmee-syrienne-bloque-les-forces-americaines-et-les-oblige-a-faire-demi-tour-sur-lautoroute-du-nord-est-de-la-syrie","status":"publish","type":"post","link":"https:\/\/www.lejournalduforkane.com\/index.php\/video-larmee-syrienne-bloque-les-forces-americaines-et-les-oblige-a-faire-demi-tour-sur-lautoroute-du-nord-est-de-la-syrie\/","title":{"rendered":"VID\u00c9O : L&rsquo;arm\u00e9e syrienne bloque les forces am\u00e9ricaines et les oblige \u00e0 faire demi-tour sur l&rsquo;autoroute du nord-est de la Syrie"},"content":{"rendered":"<p style=\"text-align: justify;\"><!--more--><\/p>\n<p style=\"text-align: justify;\">Pour la deuxi\u00e8me fois ce mois-ci, l&rsquo;arm\u00e9e arabe syrienne a emp\u00each\u00e9 un v\u00e9hicule militaire am\u00e9ricain d&rsquo;utiliser la route Hasakah-Qamishli dans le nord-est d&rsquo;Al-Hasakah.<\/p>\n<p style=\"text-align: justify;\">Les soldats de l&rsquo;arm\u00e9e arabe syrienne post\u00e9 \u00e0 un poste de contr\u00f4le dans le village de Damkhi pr\u00e8s de Qamishli ont forc\u00e9 un convoi militaire de l&rsquo;arm\u00e9e am\u00e9ricaine \u00e0 faire demi-tour apr\u00e8s\u00a0<span class=\"text_exposed_show\">avoir refus\u00e9 de leur de passer le long de la route internationale \u00e0 l&rsquo;entr\u00e9e sud de Qamishli.<\/span><\/p>\n<div class=\"text_exposed_show\">\n<p style=\"text-align: justify;\">Dans la vid\u00e9o prise par Sputnik Arabic, le convoi militaire am\u00e9ricain s&rsquo;approche du point de contr\u00f4le de l&rsquo;arm\u00e9e syrienne et est contraint de faire demi-tour.<\/p>\n<p style=\"text-align: justify;\">Le village dans la vid\u00e9o ci-dessous est situ\u00e9 \u00e0 la p\u00e9riph\u00e9rie sud de la ville de Qamishli; il \u00e9tait auparavant sous le contr\u00f4le des Forces d\u00e9mocratiques syriennes (FDS).<\/p>\n<p style=\"text-align: justify;\"><iframe loading=\"lazy\" src=\"https:\/\/www.youtube.com\/embed\/rt7hGk6ToBU\" width=\"560\" height=\"315\" frameborder=\"0\" allowfullscreen=\"allowfullscreen\"><\/iframe><img loading=\"lazy\" class=\"alignnone size-full wp-image-23731\" src=\"https:\/\/www.lejournalduforkane.com\/wp-content\/uploads\/2019\/12\/Larm\u00e9e-syrienne-bloque-les-forces-am\u00e9ricaines-et-les-oblige-\u00e0-faire-demi-tour-sur-lautoroute-du-nord-est-de-la-Syrie.jpg\" alt=\"L'arm\u00e9e syrienne bloque les forces am\u00e9ricaines et les oblige \u00e0 faire demi-tour sur l'autoroute du nord-est de la Syrie\" width=\"540\" height=\"281\" srcset=\"https:\/\/www.lejournalduforkane.com\/wp-content\/uploads\/2019\/12\/Larm\u00e9e-syrienne-bloque-les-forces-am\u00e9ricaines-et-les-oblige-\u00e0-faire-demi-tour-sur-lautoroute-du-nord-est-de-la-Syrie.jpg 540w, https:\/\/www.lejournalduforkane.com\/wp-content\/uploads\/2019\/12\/Larm\u00e9e-syrienne-bloque-les-forces-am\u00e9ricaines-et-les-oblige-\u00e0-faire-demi-tour-sur-lautoroute-du-nord-est-de-la-Syrie-300x156.jpg 300w\" sizes=\"(max-width: 540px) 100vw, 540px\" \/><\/p>\n<\/div>\n","protected":false},"excerpt":{"rendered":"Pour la deuxi\u00e8me fois ce mois-ci, l'arm\u00e9e arabe syrienne a emp\u00each\u00e9 un v\u00e9hicule militaire am\u00e9ricain d'utiliser la route Hasakah-Qamishli dans le nord-est d'Al-Hasakah. Les soldats de l'arm\u00e9e arabe syrienne post\u00e9","protected":false},"author":2,"featured_media":0,"comment_status":"closed","ping_status":"open","sticky":false,"template":"","format":"standard","meta":[],"categories":[],"tags":[],"_links":{"self":[{"href":"https:\/\/www.lejournalduforkane.com\/index.php\/wp-json\/wp\/v2\/posts\/23730"}],"collection":[{"href":"https:\/\/www.lejournalduforkane.com\/index.php\/wp-json\/wp\/v2\/posts"}],"about":[{"href":"https:\/\/www.lejournalduforkane.com\/index.php\/wp-json\/wp\/v2\/types\/post"}],"author":[{"embeddable":true,"href":"https:\/\/www.lejournalduforkane.com\/index.php\/wp-json\/wp\/v2\/users\/2"}],"replies":[{"embeddable":true,"href":"https:\/\/www.lejournalduforkane.com\/index.php\/wp-json\/wp\/v2\/comments?post=23730"}],"version-history":[{"count":1,"href":"https:\/\/www.lejournalduforkane.com\/index.php\/wp-json\/wp\/v2\/posts\/23730\/revisions"}],"predecessor-version":[{"id":23732,"href":"https:\/\/www.lejournalduforkane.com\/index.php\/wp-json\/wp\/v2\/posts\/23730\/revisions\/23732"}],"wp:attachment":[{"href":"https:\/\/www.lejournalduforkane.com\/index.php\/wp-json\/wp\/v2\/media?parent=23730"}],"wp:term":[{"taxonomy":"category","embeddable":true,"href":"https:\/\/www.lejournalduforkane.com\/index.php\/wp-json\/wp\/v2\/categories?post=23730"},{"taxonomy":"post_tag","embeddable":true,"href":"https:\/\/www.lejournalduforkane.com\/index.php\/wp-json\/wp\/v2\/tags?post=23730"}],"curies":[{"name":"wp","href":"https:\/\/api.w.org\/{rel}","templated":true}]}}