
{"id":23742,"date":"2019-12-22T15:19:04","date_gmt":"2019-12-22T15:19:04","guid":{"rendered":"https:\/\/www.lejournalduforkane.com\/?p=23742"},"modified":"2019-12-22T19:18:33","modified_gmt":"2019-12-22T19:18:33","slug":"video-layatollah-khamenei-chaque-jour-qui-passe-liran-demontre-sa-force-aux-ennemis-de-maniere-plus-puissante","status":"publish","type":"post","link":"https:\/\/www.lejournalduforkane.com\/index.php\/video-layatollah-khamenei-chaque-jour-qui-passe-liran-demontre-sa-force-aux-ennemis-de-maniere-plus-puissante\/","title":{"rendered":"Vid\u00e9o : l&rsquo;Ayatollah Khamenei : \u00ab\u00a0Chaque jour qui passe, l&rsquo;Iran d\u00e9montre sa force aux ennemis de mani\u00e8re plus puissante\u00a0\u00bb"},"content":{"rendered":"<p><!--more--><\/p>\n<p>Extrait de discours de l&rsquo;Ayatollah Khamenei, Guide supr\u00eame de la R\u00e9volution islamique, lors d&rsquo;une r\u00e9union avec des membres du Bassidj, le 27 novembre 2019<\/p>\n<p><iframe loading=\"lazy\" src=\"\/\/rutube.ru\/play\/embed\/13030631\" width=\"720\" height=\"405\" frameborder=\"0\" allowfullscreen=\"allowfullscreen\"><\/iframe><\/p>\n<p>&nbsp;<\/p>\n<p><img loading=\"lazy\" class=\"alignnone size-full wp-image-23743\" src=\"https:\/\/www.lejournalduforkane.com\/wp-content\/uploads\/2019\/12\/discours-khamanaei.jpg\" alt=\"discours khamanaei\" width=\"469\" height=\"266\" srcset=\"https:\/\/www.lejournalduforkane.com\/wp-content\/uploads\/2019\/12\/discours-khamanaei.jpg 469w, https:\/\/www.lejournalduforkane.com\/wp-content\/uploads\/2019\/12\/discours-khamanaei-300x170.jpg 300w\" sizes=\"(max-width: 469px) 100vw, 469px\" \/><\/p>\n","protected":false},"excerpt":{"rendered":"Extrait de discours de l'Ayatollah Khamenei, Guide supr\u00eame de la R\u00e9volution islamique, lors d'une r\u00e9union avec des membres du Bassidj, le 27 novembre 2019 &nbsp;","protected":false},"author":2,"featured_media":0,"comment_status":"closed","ping_status":"open","sticky":false,"template":"","format":"standard","meta":[],"categories":[],"tags":[],"_links":{"self":[{"href":"https:\/\/www.lejournalduforkane.com\/index.php\/wp-json\/wp\/v2\/posts\/23742"}],"collection":[{"href":"https:\/\/www.lejournalduforkane.com\/index.php\/wp-json\/wp\/v2\/posts"}],"about":[{"href":"https:\/\/www.lejournalduforkane.com\/index.php\/wp-json\/wp\/v2\/types\/post"}],"author":[{"embeddable":true,"href":"https:\/\/www.lejournalduforkane.com\/index.php\/wp-json\/wp\/v2\/users\/2"}],"replies":[{"embeddable":true,"href":"https:\/\/www.lejournalduforkane.com\/index.php\/wp-json\/wp\/v2\/comments?post=23742"}],"version-history":[{"count":1,"href":"https:\/\/www.lejournalduforkane.com\/index.php\/wp-json\/wp\/v2\/posts\/23742\/revisions"}],"predecessor-version":[{"id":23744,"href":"https:\/\/www.lejournalduforkane.com\/index.php\/wp-json\/wp\/v2\/posts\/23742\/revisions\/23744"}],"wp:attachment":[{"href":"https:\/\/www.lejournalduforkane.com\/index.php\/wp-json\/wp\/v2\/media?parent=23742"}],"wp:term":[{"taxonomy":"category","embeddable":true,"href":"https:\/\/www.lejournalduforkane.com\/index.php\/wp-json\/wp\/v2\/categories?post=23742"},{"taxonomy":"post_tag","embeddable":true,"href":"https:\/\/www.lejournalduforkane.com\/index.php\/wp-json\/wp\/v2\/tags?post=23742"}],"curies":[{"name":"wp","href":"https:\/\/api.w.org\/{rel}","templated":true}]}}