
{"id":23771,"date":"2019-12-25T15:06:57","date_gmt":"2019-12-25T15:06:57","guid":{"rendered":"https:\/\/www.lejournalduforkane.com\/?p=23771"},"modified":"2019-12-29T19:09:55","modified_gmt":"2019-12-29T19:09:55","slug":"video-layatollah-khamenei-visite-les-familles-chretiennes-diran-chaque-noel","status":"publish","type":"post","link":"https:\/\/www.lejournalduforkane.com\/index.php\/video-layatollah-khamenei-visite-les-familles-chretiennes-diran-chaque-noel\/","title":{"rendered":"Vid\u00e9o : l&rsquo;Ayatollah Khamenei visite les familles chr\u00e9tiennes d&rsquo;Iran chaque No\u00ebl"},"content":{"rendered":"<p><!--more--><\/p>\n<p><iframe loading=\"lazy\" width=\"620\" height=\"405\" src=\"\/\/rutube.ru\/play\/embed\/13030631\" frameborder=\"0\" webkitAllowFullScreen mozallowfullscreen allowfullscreen><\/iframe><\/p>\n<p><img loading=\"lazy\" class=\"alignnone size-full wp-image-23772\" src=\"https:\/\/www.lejournalduforkane.com\/wp-content\/uploads\/2019\/12\/lAyatollah-Khamenei-visite-les-familles-chr\u00e9tiennes-dIran-chaque-No\u00ebl.jpg\" alt=\"l'Ayatollah Khamenei visite les familles chr\u00e9tiennes d'Iran chaque No\u00ebl\" width=\"502\" height=\"276\" srcset=\"https:\/\/www.lejournalduforkane.com\/wp-content\/uploads\/2019\/12\/lAyatollah-Khamenei-visite-les-familles-chr\u00e9tiennes-dIran-chaque-No\u00ebl.jpg 502w, https:\/\/www.lejournalduforkane.com\/wp-content\/uploads\/2019\/12\/lAyatollah-Khamenei-visite-les-familles-chr\u00e9tiennes-dIran-chaque-No\u00ebl-300x165.jpg 300w\" sizes=\"(max-width: 502px) 100vw, 502px\" \/><\/p>\n","protected":false},"excerpt":{"rendered":"","protected":false},"author":2,"featured_media":0,"comment_status":"closed","ping_status":"open","sticky":false,"template":"","format":"standard","meta":[],"categories":[],"tags":[],"_links":{"self":[{"href":"https:\/\/www.lejournalduforkane.com\/index.php\/wp-json\/wp\/v2\/posts\/23771"}],"collection":[{"href":"https:\/\/www.lejournalduforkane.com\/index.php\/wp-json\/wp\/v2\/posts"}],"about":[{"href":"https:\/\/www.lejournalduforkane.com\/index.php\/wp-json\/wp\/v2\/types\/post"}],"author":[{"embeddable":true,"href":"https:\/\/www.lejournalduforkane.com\/index.php\/wp-json\/wp\/v2\/users\/2"}],"replies":[{"embeddable":true,"href":"https:\/\/www.lejournalduforkane.com\/index.php\/wp-json\/wp\/v2\/comments?post=23771"}],"version-history":[{"count":4,"href":"https:\/\/www.lejournalduforkane.com\/index.php\/wp-json\/wp\/v2\/posts\/23771\/revisions"}],"predecessor-version":[{"id":23784,"href":"https:\/\/www.lejournalduforkane.com\/index.php\/wp-json\/wp\/v2\/posts\/23771\/revisions\/23784"}],"wp:attachment":[{"href":"https:\/\/www.lejournalduforkane.com\/index.php\/wp-json\/wp\/v2\/media?parent=23771"}],"wp:term":[{"taxonomy":"category","embeddable":true,"href":"https:\/\/www.lejournalduforkane.com\/index.php\/wp-json\/wp\/v2\/categories?post=23771"},{"taxonomy":"post_tag","embeddable":true,"href":"https:\/\/www.lejournalduforkane.com\/index.php\/wp-json\/wp\/v2\/tags?post=23771"}],"curies":[{"name":"wp","href":"https:\/\/api.w.org\/{rel}","templated":true}]}}